
{"id":122424,"date":"2025-06-27T09:05:36","date_gmt":"2025-06-27T12:05:36","guid":{"rendered":"https:\/\/www.sudoestehoje.com.br\/novoportal\/?p=122424"},"modified":"2025-06-27T09:05:36","modified_gmt":"2025-06-27T12:05:36","slug":"deputado-felix-junior-entra-na-mira-da-operacao-overclean-3-prefeitos-sao-afastados","status":"publish","type":"post","link":"https:\/\/www.sudoestehoje.com.br\/novoportal\/2025\/06\/27\/deputado-felix-junior-entra-na-mira-da-operacao-overclean-3-prefeitos-sao-afastados\/","title":{"rendered":"DEPUTADO FELIX JUNIOR ENTRA NA MIRA DA OPERA\u00c7\u00c3O OVERCLEAN; 3 PREFEITOS S\u00c3O AFASTADOS"},"content":{"rendered":"<p><img loading=\"lazy\" decoding=\"async\" class=\"alignnone size-full wp-image-122426\" src=\"https:\/\/www.sudoestehoje.com.br\/novoportal\/wp-content\/uploads\/2025\/06\/felix_mendonca_domingos_jr_bnews_widelg_widelg_g69VYFa_widelg.jpeg\" alt=\"\" width=\"800\" height=\"450\" \/><\/p>\n<p>O deputado federal F\u00e9lix Mendon\u00e7a J\u00fanior (PDT-BA) est\u00e1 na mira da Opera\u00e7\u00e3o Overclean, deflagrada nesta sexta-feira (27) pela Pol\u00edcia Federal, em parceria com a Controladoria-Geral da Uni\u00e3o (CGU) e a Receita Federal. A informa\u00e7\u00e3o \u00e9 da colunista Mirelle Pinheiro, do Metr\u00f3poles.<\/p>\n<p>Segundo a publica\u00e7\u00e3o, o parlamentar n\u00e3o foi alvo de buscas, mas passa a figurar como investigado em um dos principais n\u00facleos do esquema, que apura fraudes em licita\u00e7\u00f5es, superfaturamento e desvio de recursos de emendas parlamentares destinadas a munic\u00edpios do interior da Bahia.<\/p>\n<p>A ofensiva levou ao afastamento cautelar de tr\u00eas prefeitos baianos, por ordem do Supremo Tribunal Federal (STF). A colunista detalha que todos os gestores municipais t\u00eam liga\u00e7\u00e3o pol\u00edtica direta com F\u00e9lix Mendon\u00e7a J\u00fanior, o que acende o alerta sobre a poss\u00edvel influ\u00eancia do parlamentar na libera\u00e7\u00e3o e no destino das verbas desviadas.<\/p>\n<p>Foram cumpridos, nas cidades de Salvador (BA), Cama\u00e7ari (BA), Boquira(BA), Ibipitanga(BA) e Paratinga(BA), 16 mandados de busca e apreens\u00e3o e tr\u00eas ordens de afastamento cautelar dos prefeitos de suas fun\u00e7\u00f5es, todos expedidos pelo STF. <a class=\"x1i10hfl xjbqb8w x1ejq31n x18oe1m7 x1sy0etr xstzfhl x972fbf x10w94by x1qhh985 x14e42zd x9f619 x1ypdohk xt0psk2 xe8uvvx xdj266r x14z9mp xat24cr x1lziwak xexx8yu xyri2b x18d9i69 x1c1uobl x16tdsg8 x1hl2dhg xggy1nq x1a2a7pz  _aa9_ _a6hd\" tabindex=\"0\" role=\"link\" href=\"https:\/\/www.instagram.com\/explore\/tags\/overclean\/\">#overclean<\/a> <a class=\"x1i10hfl xjbqb8w x1ejq31n x18oe1m7 x1sy0etr xstzfhl x972fbf x10w94by x1qhh985 x14e42zd x9f619 x1ypdohk xt0psk2 xe8uvvx xdj266r x14z9mp xat24cr x1lziwak xexx8yu xyri2b x18d9i69 x1c1uobl x16tdsg8 x1hl2dhg xggy1nq x1a2a7pz  _aa9_ _a6hd\" tabindex=\"0\" role=\"link\" href=\"https:\/\/www.instagram.com\/explore\/tags\/policiafederal\/\">#policiafederal<\/a> <a class=\"x1i10hfl xjbqb8w x1ejq31n x18oe1m7 x1sy0etr xstzfhl x972fbf x10w94by x1qhh985 x14e42zd x9f619 x1ypdohk xt0psk2 xe8uvvx xdj266r x14z9mp xat24cr x1lziwak xexx8yu xyri2b x18d9i69 x1c1uobl x16tdsg8 x1hl2dhg xggy1nq x1a2a7pz  _aa9_ _a6hd\" tabindex=\"0\" role=\"link\" href=\"https:\/\/www.instagram.com\/explore\/tags\/bahia\/\">#bahia<\/a> <a class=\"x1i10hfl xjbqb8w x1ejq31n x18oe1m7 x1sy0etr xstzfhl x972fbf x10w94by x1qhh985 x14e42zd x9f619 x1ypdohk xt0psk2 xe8uvvx xdj266r x14z9mp xat24cr x1lziwak xexx8yu xyri2b x18d9i69 x1c1uobl x16tdsg8 x1hl2dhg xggy1nq x1a2a7pz  _aa9_ _a6hd\" tabindex=\"0\" role=\"link\" href=\"https:\/\/www.instagram.com\/explore\/tags\/felixmendoncajr\/\">#felixmendoncajr<\/a> <a class=\"x1i10hfl xjbqb8w x1ejq31n x18oe1m7 x1sy0etr xstzfhl x972fbf x10w94by x1qhh985 x14e42zd x9f619 x1ypdohk xt0psk2 xe8uvvx xdj266r x14z9mp xat24cr x1lziwak xexx8yu xyri2b x18d9i69 x1c1uobl x16tdsg8 x1hl2dhg xggy1nq x1a2a7pz  _aa9_ _a6hd\" tabindex=\"0\" role=\"link\" href=\"https:\/\/www.instagram.com\/explore\/tags\/bnews\/\">#bnews<\/a><\/p>\n","protected":false},"excerpt":{"rendered":"<p>O deputado federal F\u00e9lix Mendon\u00e7a J\u00fanior (PDT-BA) est\u00e1 na mira da Opera\u00e7\u00e3o Overclean, deflagrada nesta sexta-feira (27) pela Pol\u00edcia Federal, em parceria com a Controladoria-Geral da Uni\u00e3o (CGU) e a Receita Federal. A informa\u00e7\u00e3o \u00e9 da colunista Mirelle Pinheiro, do Metr\u00f3poles. Segundo a publica\u00e7\u00e3o, o parlamentar n\u00e3o foi alvo de buscas, mas passa a figurar [&hellip;]<\/p>\n","protected":false},"author":2,"featured_media":122426,"comment_status":"closed","ping_status":"open","sticky":false,"template":"","format":"standard","meta":{"footnotes":"","_links_to":"","_links_to_target":""},"categories":[1],"tags":[],"class_list":["post-122424","post","type-post","status-publish","format-standard","has-post-thumbnail","hentry","category-geral"],"views":664,"_links":{"self":[{"href":"https:\/\/www.sudoestehoje.com.br\/novoportal\/wp-json\/wp\/v2\/posts\/122424","targetHints":{"allow":["GET"]}}],"collection":[{"href":"https:\/\/www.sudoestehoje.com.br\/novoportal\/wp-json\/wp\/v2\/posts"}],"about":[{"href":"https:\/\/www.sudoestehoje.com.br\/novoportal\/wp-json\/wp\/v2\/types\/post"}],"author":[{"embeddable":true,"href":"https:\/\/www.sudoestehoje.com.br\/novoportal\/wp-json\/wp\/v2\/users\/2"}],"replies":[{"embeddable":true,"href":"https:\/\/www.sudoestehoje.com.br\/novoportal\/wp-json\/wp\/v2\/comments?post=122424"}],"version-history":[{"count":2,"href":"https:\/\/www.sudoestehoje.com.br\/novoportal\/wp-json\/wp\/v2\/posts\/122424\/revisions"}],"predecessor-version":[{"id":122427,"href":"https:\/\/www.sudoestehoje.com.br\/novoportal\/wp-json\/wp\/v2\/posts\/122424\/revisions\/122427"}],"wp:featuredmedia":[{"embeddable":true,"href":"https:\/\/www.sudoestehoje.com.br\/novoportal\/wp-json\/wp\/v2\/media\/122426"}],"wp:attachment":[{"href":"https:\/\/www.sudoestehoje.com.br\/novoportal\/wp-json\/wp\/v2\/media?parent=122424"}],"wp:term":[{"taxonomy":"category","embeddable":true,"href":"https:\/\/www.sudoestehoje.com.br\/novoportal\/wp-json\/wp\/v2\/categories?post=122424"},{"taxonomy":"post_tag","embeddable":true,"href":"https:\/\/www.sudoestehoje.com.br\/novoportal\/wp-json\/wp\/v2\/tags?post=122424"}],"curies":[{"name":"wp","href":"https:\/\/api.w.org\/{rel}","templated":true}]}}