
{"id":122411,"date":"2025-06-26T11:37:09","date_gmt":"2025-06-26T14:37:09","guid":{"rendered":"https:\/\/www.sudoestehoje.com.br\/novoportal\/?p=122411"},"modified":"2025-06-26T11:37:09","modified_gmt":"2025-06-26T14:37:09","slug":"prefeito-eduardo-hagge-anuncia-nomes-dos-representantes-nos-residenciais","status":"publish","type":"post","link":"https:\/\/www.sudoestehoje.com.br\/novoportal\/2025\/06\/26\/prefeito-eduardo-hagge-anuncia-nomes-dos-representantes-nos-residenciais\/","title":{"rendered":"PREFEITO EDUARDO HAGGE ANUNCIA NOMES DOS REPRESENTANTES NOS RESIDENCIAIS"},"content":{"rendered":"<p><img loading=\"lazy\" decoding=\"async\" class=\"alignnone size-full wp-image-122412\" src=\"https:\/\/www.sudoestehoje.com.br\/novoportal\/wp-content\/uploads\/2025\/06\/WhatsApp-Image-2025-06-26-at-10.36.31-1-1280x853-1.jpeg\" alt=\"\" width=\"1280\" height=\"853\" \/><\/p>\n<p>Buscando formas para fazer uma gest\u00e3o participativa e que atenda, de fato, \u00e0s demandas da popula\u00e7\u00e3o, o prefeito Eduardo Hagge anunciou, na manh\u00e3 desta quinta-feira, 26, o nome de tr\u00eas administradores para os residenciais da cidade. A partir de agora, eles ser\u00e3o os interlocutores dos moradores junto \u00e0 administra\u00e7\u00e3o p\u00fablica.<\/p>\n<p>Pastor Valdermar foi o escolhido para representar os residenciais Cassiano Gon\u00e7alves e Vila Santana. Ney Brito falar\u00e1 pelo Neto Fernandes e pelo novo residencial, com 200 casas, que est\u00e1 sendo constru\u00eddo. O Moacyr Moura ser\u00e1 administrado por Marcos Sacol\u00e9. Nos pr\u00f3ximos dias, a prefeitura anunciar\u00e1 o representante do 12 de Dezembro e Jos\u00e9 Ivo.<\/p>\n<p>Em Itapetinga, 5 novos residenciais foram criados a partir do programa federal Minha Casa, Minha Vida. O aparecimento de novos bairros imp\u00f5e novos desafios ao governo municipal. \u00c9 preciso que a administra\u00e7\u00e3o p\u00fablica ofere\u00e7a infraestrutura para garantir qualidade de vida para o cidad\u00e3o e para que os seus bairros n\u00e3o se tornem ilhas isoladas.<\/p>\n<p>\u201cEste foi um compromisso de campanha que come\u00e7amos a cumprir. Para saber o que cada localidade mais precisa \u00e9 essencial ouvir os moradores. S\u00e3o eles que sabem o que pode realmente auxiliar no dia a dia e promover maior bem-estar a todos. Nossos administradores ir\u00e3o elencar as prioridades para investimentos e fazer a interlocu\u00e7\u00e3o entre popula\u00e7\u00e3o e prefeitura para que possamos atend\u00ea-los da melhor forma poss\u00edvel\u201d, explicou o prefeito Eduardo Hagge.<\/p>\n","protected":false},"excerpt":{"rendered":"<p>Buscando formas para fazer uma gest\u00e3o participativa e que atenda, de fato, \u00e0s demandas da popula\u00e7\u00e3o, o prefeito Eduardo Hagge anunciou, na manh\u00e3 desta quinta-feira, 26, o nome de tr\u00eas administradores para os residenciais da cidade. A partir de agora, eles ser\u00e3o os interlocutores dos moradores junto \u00e0 administra\u00e7\u00e3o p\u00fablica. Pastor Valdermar foi o escolhido [&hellip;]<\/p>\n","protected":false},"author":2,"featured_media":122412,"comment_status":"closed","ping_status":"open","sticky":false,"template":"","format":"standard","meta":{"footnotes":"","_links_to":"","_links_to_target":""},"categories":[1],"tags":[],"class_list":["post-122411","post","type-post","status-publish","format-standard","has-post-thumbnail","hentry","category-geral"],"views":1073,"_links":{"self":[{"href":"https:\/\/www.sudoestehoje.com.br\/novoportal\/wp-json\/wp\/v2\/posts\/122411","targetHints":{"allow":["GET"]}}],"collection":[{"href":"https:\/\/www.sudoestehoje.com.br\/novoportal\/wp-json\/wp\/v2\/posts"}],"about":[{"href":"https:\/\/www.sudoestehoje.com.br\/novoportal\/wp-json\/wp\/v2\/types\/post"}],"author":[{"embeddable":true,"href":"https:\/\/www.sudoestehoje.com.br\/novoportal\/wp-json\/wp\/v2\/users\/2"}],"replies":[{"embeddable":true,"href":"https:\/\/www.sudoestehoje.com.br\/novoportal\/wp-json\/wp\/v2\/comments?post=122411"}],"version-history":[{"count":2,"href":"https:\/\/www.sudoestehoje.com.br\/novoportal\/wp-json\/wp\/v2\/posts\/122411\/revisions"}],"predecessor-version":[{"id":122414,"href":"https:\/\/www.sudoestehoje.com.br\/novoportal\/wp-json\/wp\/v2\/posts\/122411\/revisions\/122414"}],"wp:featuredmedia":[{"embeddable":true,"href":"https:\/\/www.sudoestehoje.com.br\/novoportal\/wp-json\/wp\/v2\/media\/122412"}],"wp:attachment":[{"href":"https:\/\/www.sudoestehoje.com.br\/novoportal\/wp-json\/wp\/v2\/media?parent=122411"}],"wp:term":[{"taxonomy":"category","embeddable":true,"href":"https:\/\/www.sudoestehoje.com.br\/novoportal\/wp-json\/wp\/v2\/categories?post=122411"},{"taxonomy":"post_tag","embeddable":true,"href":"https:\/\/www.sudoestehoje.com.br\/novoportal\/wp-json\/wp\/v2\/tags?post=122411"}],"curies":[{"name":"wp","href":"https:\/\/api.w.org\/{rel}","templated":true}]}}