
{"id":122408,"date":"2025-06-26T12:29:15","date_gmt":"2025-06-26T15:29:15","guid":{"rendered":"https:\/\/www.sudoestehoje.com.br\/novoportal\/?p=122408"},"modified":"2025-06-26T12:31:06","modified_gmt":"2025-06-26T15:31:06","slug":"quentinhas-acabou-o-sao-joao-comeca-a-eleicao","status":"publish","type":"post","link":"https:\/\/www.sudoestehoje.com.br\/novoportal\/2025\/06\/26\/quentinhas-acabou-o-sao-joao-comeca-a-eleicao\/","title":{"rendered":"QUENTINHAS | ACABOU O S\u00c3O JO\u00c3O, COME\u00c7OU A ELEI\u00c7\u00c3O"},"content":{"rendered":"<p><img loading=\"lazy\" decoding=\"async\" class=\"alignnone size-full wp-image-122419\" src=\"https:\/\/www.sudoestehoje.com.br\/novoportal\/wp-content\/uploads\/2025\/06\/b087fbc9-7971-44c9-b854-e0a5545b1623-3.jpg\" alt=\"\" width=\"539\" height=\"338\" \/><\/p>\n<p><em>POR DAVI FERRAZ<\/em><\/p>\n<p>O JOGO VAI COME\u00c7AR A PARTIR DE AGORA<\/p>\n<p>Como dizem os baianos, &#8220;o ano s\u00f3 come\u00e7a na Bahia depois do Carnaval&#8221; e as elei\u00e7\u00f5es &#8220;ap\u00f3s o S\u00e3o Jo\u00e3o&#8221;. Na verdade, as disputas pol\u00edticas e eleitorais nunca param em qualquer lugar da Bahia e do Brasil. Termina uma elei\u00e7\u00e3o, come\u00e7a a outra. Os eleitos, para garantir suas bases; os derrotados, para corrigir erros o partir pra pr\u00f3xima. \u00c9 assim que a banda toca&#8230;<\/p>\n<p>ELEI\u00c7\u00c3O PARA GOVERNADOR INDEFINIDA<\/p>\n<p>Vasculhando minhas mem\u00f3rias aqui, Itapetinga sempre foi reduto da oposi\u00e7\u00e3o, desde o in\u00edcio dos governos petistas na Bahia. Antes disto, o velho ACM (PFL) ganhava todas e s\u00f3 perdeu uma elei\u00e7\u00e3o, em 1986, para Waldir Pires (MDB). Na era PT, com Wagner, Rui e Jer\u00f4nimo Rodrigues, o governo perdeu feio na cidade, mesmo ganhando as elei\u00e7\u00f5es na Bahia. Pra romper este ciclo, Jer\u00f4nimo tem que cumprir as promessas feitas ao prefeito Eduardo (Policl\u00ednica e Hospital Regional),\u00a0 pra quebrar esse tabu. N\u00e3o \u00e9 f\u00e1cil, mas Eduardo bota f\u00e9&#8230;<\/p>\n<p>UNIFICA\u00c7\u00c3O DAS BASES &#8216;GABIRABAS&#8217;<\/p>\n<p>A reunifica\u00e7\u00e3o dos &#8216;gabirabas&#8217; \u00e9 ponto fundamental para o sucesso de Eduardo como gestor municipal e passa por um bom entendimento com o ex-prefeito Rodrigo, seu sobrinho. O baixinho \u00e9 articulado, tem carisma e leva larga vantagem na disputa para deputado estadual. Para deputado federal, Eduardo apoia Jayme Vieira Lima, primo do ex-ministro Geddel, l\u00edder do MDB baiano. Se sair uma casadinha entre Rodrigo e Jayminho, chove votos. Sen\u00e3o, fica dif\u00edcil para os dois.<\/p>\n<p>OTTINHO \u00c9 CANDIDATO OU N\u00c3O?<\/p>\n<p>Depois que a ex-candidata Cida Moura fez &#8216;voto de sil\u00eancio&#8217;, ningu\u00e9m fala nada sobre os seus candidatos a deputado, principalmente sobre o federal Otto Alencar Filho (Otinho). A conversa que rola \u00e9 que ele n\u00e3o disputaria a reelei\u00e7\u00e3o, para ocupar uma vaga de conselheiro no Tribunal de Constas dos Munic\u00edpios. Outro boato que rola \u00e9 que a filha de Cida Moura e Z\u00e9 Carlos, Amanda Moura, disputaria uma vaga de deputada estadual, com o apoio do senador Otto pai. Uma candidatura a vereadora seria mais adequado, sem desmerecer o potencial da jovem. Elei\u00e7\u00e3o para deputado custa caro e as bases j\u00e1 est\u00e3o comprometidas com outras candidaturas. De \u00faltima hora, s\u00f3 com muita grana&#8230;<\/p>\n<p>INSATISFA\u00c7\u00c3O OU CANTO DE CARROCERIA?<\/p>\n<p>Depois que o prefeito Eduardo Hagge se aproximou do governador Jer\u00f4nimo, a ex-candidata governista fez um movimento em sentido contr\u00e1rio, evitando qualquer contato com o chefe do governo baiano. A insatisfa\u00e7\u00e3o do grupo &#8216;zecarlista&#8217; n\u00e3o passou em branco e vem sendo levada ao extremo pelo genro de Cida, Lucas Costa, que j\u00e1 se posiciona como verdadeiro opositor do PT. Agora defende o agro. At\u00e9 que tem certa raz\u00e3o, mas parece que o real motivo do afastamento foi o famoso<em> &#8216;canto de carroceria&#8217;<\/em> segundo as boas e m\u00e1s l\u00ednguas da turma de Rosemberg&#8230;<\/p>\n","protected":false},"excerpt":{"rendered":"<p>POR DAVI FERRAZ O JOGO VAI COME\u00c7AR A PARTIR DE AGORA Como dizem os baianos, &#8220;o ano s\u00f3 come\u00e7a na Bahia depois do Carnaval&#8221; e as elei\u00e7\u00f5es &#8220;ap\u00f3s o S\u00e3o Jo\u00e3o&#8221;. Na verdade, as disputas pol\u00edticas e eleitorais nunca param em qualquer lugar da Bahia e do Brasil. Termina uma elei\u00e7\u00e3o, come\u00e7a a outra. Os [&hellip;]<\/p>\n","protected":false},"author":2,"featured_media":122419,"comment_status":"closed","ping_status":"open","sticky":false,"template":"","format":"standard","meta":{"footnotes":"","_links_to":"","_links_to_target":""},"categories":[1],"tags":[],"class_list":["post-122408","post","type-post","status-publish","format-standard","has-post-thumbnail","hentry","category-geral"],"views":1237,"_links":{"self":[{"href":"https:\/\/www.sudoestehoje.com.br\/novoportal\/wp-json\/wp\/v2\/posts\/122408","targetHints":{"allow":["GET"]}}],"collection":[{"href":"https:\/\/www.sudoestehoje.com.br\/novoportal\/wp-json\/wp\/v2\/posts"}],"about":[{"href":"https:\/\/www.sudoestehoje.com.br\/novoportal\/wp-json\/wp\/v2\/types\/post"}],"author":[{"embeddable":true,"href":"https:\/\/www.sudoestehoje.com.br\/novoportal\/wp-json\/wp\/v2\/users\/2"}],"replies":[{"embeddable":true,"href":"https:\/\/www.sudoestehoje.com.br\/novoportal\/wp-json\/wp\/v2\/comments?post=122408"}],"version-history":[{"count":9,"href":"https:\/\/www.sudoestehoje.com.br\/novoportal\/wp-json\/wp\/v2\/posts\/122408\/revisions"}],"predecessor-version":[{"id":122423,"href":"https:\/\/www.sudoestehoje.com.br\/novoportal\/wp-json\/wp\/v2\/posts\/122408\/revisions\/122423"}],"wp:featuredmedia":[{"embeddable":true,"href":"https:\/\/www.sudoestehoje.com.br\/novoportal\/wp-json\/wp\/v2\/media\/122419"}],"wp:attachment":[{"href":"https:\/\/www.sudoestehoje.com.br\/novoportal\/wp-json\/wp\/v2\/media?parent=122408"}],"wp:term":[{"taxonomy":"category","embeddable":true,"href":"https:\/\/www.sudoestehoje.com.br\/novoportal\/wp-json\/wp\/v2\/categories?post=122408"},{"taxonomy":"post_tag","embeddable":true,"href":"https:\/\/www.sudoestehoje.com.br\/novoportal\/wp-json\/wp\/v2\/tags?post=122408"}],"curies":[{"name":"wp","href":"https:\/\/api.w.org\/{rel}","templated":true}]}}