
{"id":122385,"date":"2025-06-25T11:39:46","date_gmt":"2025-06-25T14:39:46","guid":{"rendered":"https:\/\/www.sudoestehoje.com.br\/novoportal\/?p=122385"},"modified":"2025-06-26T06:38:18","modified_gmt":"2025-06-26T09:38:18","slug":"caatiba-bloco-guede-cia-transforma-confraternizacao-entre-amigos-em-tradicao-junina","status":"publish","type":"post","link":"https:\/\/www.sudoestehoje.com.br\/novoportal\/2025\/06\/25\/caatiba-bloco-guede-cia-transforma-confraternizacao-entre-amigos-em-tradicao-junina\/","title":{"rendered":"CAATIBA | BLOCO &#8216;GUEDE &#038; CIA&#8217; TRANSFORMA CONFRATERNIZA\u00c7\u00c3O ENTRE AMIGOS EM TRADI\u00c7\u00c3O JUNINA"},"content":{"rendered":"<p><img loading=\"lazy\" decoding=\"async\" class=\"alignnone size-full wp-image-122388\" src=\"https:\/\/www.sudoestehoje.com.br\/novoportal\/wp-content\/uploads\/2025\/06\/Imagem-do-WhatsApp-de-2025-06-25-as-11.22.20_7ae53de4.jpg\" alt=\"\" width=\"3024\" height=\"1719\" \/><\/p>\n<p>Criado em 2002 por um pequeno grupo de amigos, o bloco masculino \u201cGuede &amp; CIA\u201d se consolidou como uma das tradi\u00e7\u00f5es do S\u00e3o Jo\u00e3o de Caatiba. A confraterniza\u00e7\u00e3o, que come\u00e7ou de forma simples, hoje faz parte do calend\u00e1rio cultural do munic\u00edpio.<\/p>\n<p>Neste ano, o bloco se reuniu no dia 22 de junho, terceiro dia dos festejos, na tradicional Pra\u00e7a Cleriston Andrade, ponto central das celebra\u00e7\u00f5es juninas da cidade. Sem sair pelas ruas, o grupo mant\u00e9m o formato original: reunir os amigos, todos vestidos a car\u00e1ter, para celebrar a festa com descontra\u00e7\u00e3o e alegria.<br \/>\nA edi\u00e7\u00e3o deste ano contou com show ao vivo, ampliando ainda mais o clima festivo e atraindo olhares para a criatividade do grupo.<\/p>\n<p>O prefeito Humberto Antunes marcou presen\u00e7a e refor\u00e7ou o apoio da gest\u00e3o \u00e0 manifesta\u00e7\u00e3o cultural. \u201cO Guede &amp; CIA mostra como uma ideia simples, feita com autenticidade, pode se transformar em tradi\u00e7\u00e3o\u201d, disse.<br \/>\nAo logo dessas duas d\u00e9cadas o bloco vem representando a for\u00e7a das iniciativas populares que mant\u00eam viva a identidade e o esp\u00edrito do S\u00e3o Jo\u00e3o de Caatiba.<\/p>\n\n\t\t<style type=\"text\/css\">\n\t\t\t#gallery-1 {\n\t\t\t\tmargin: auto;\n\t\t\t}\n\t\t\t#gallery-1 .gallery-item {\n\t\t\t\tfloat: left;\n\t\t\t\tmargin-top: 10px;\n\t\t\t\ttext-align: center;\n\t\t\t\twidth: 33%;\n\t\t\t}\n\t\t\t#gallery-1 img {\n\t\t\t\tborder: 2px solid #cfcfcf;\n\t\t\t}\n\t\t\t#gallery-1 .gallery-caption {\n\t\t\t\tmargin-left: 0;\n\t\t\t}\n\t\t\t\/* see gallery_shortcode() in wp-includes\/media.php *\/\n\t\t<\/style>\n\t\t<div id='gallery-1' class='gallery galleryid-122385 gallery-columns-3 gallery-size-thumbnail'><dl class='gallery-item'>\n\t\t\t<dt class='gallery-icon portrait'>\n\t\t\t\t<a href='https:\/\/www.sudoestehoje.com.br\/novoportal\/2025\/06\/25\/caatiba-bloco-guede-cia-transforma-confraternizacao-entre-amigos-em-tradicao-junina\/imagem-do-whatsapp-de-2025-06-25-as-11-22-20_01782b77-2\/'><img loading=\"lazy\" decoding=\"async\" width=\"112\" height=\"150\" src=\"https:\/\/www.sudoestehoje.com.br\/novoportal\/wp-content\/uploads\/2025\/06\/Imagem-do-WhatsApp-de-2025-06-25-as-11.22.20_01782b77-1.jpg\" class=\"attachment-thumbnail size-thumbnail\" alt=\"\" \/><\/a>\n\t\t\t<\/dt><\/dl><dl class='gallery-item'>\n\t\t\t<dt class='gallery-icon portrait'>\n\t\t\t\t<a href='https:\/\/www.sudoestehoje.com.br\/novoportal\/2025\/06\/25\/caatiba-bloco-guede-cia-transforma-confraternizacao-entre-amigos-em-tradicao-junina\/imagem-do-whatsapp-de-2025-06-25-as-11-22-20_573a6b1a\/'><img loading=\"lazy\" decoding=\"async\" width=\"112\" height=\"150\" src=\"https:\/\/www.sudoestehoje.com.br\/novoportal\/wp-content\/uploads\/2025\/06\/Imagem-do-WhatsApp-de-2025-06-25-as-11.22.20_573a6b1a.jpg\" class=\"attachment-thumbnail size-thumbnail\" alt=\"\" \/><\/a>\n\t\t\t<\/dt><\/dl><dl class='gallery-item'>\n\t\t\t<dt class='gallery-icon portrait'>\n\t\t\t\t<a href='https:\/\/www.sudoestehoje.com.br\/novoportal\/2025\/06\/25\/caatiba-bloco-guede-cia-transforma-confraternizacao-entre-amigos-em-tradicao-junina\/imagem-do-whatsapp-de-2025-06-25-as-11-22-20_86c275fb\/'><img loading=\"lazy\" decoding=\"async\" width=\"113\" height=\"150\" src=\"https:\/\/www.sudoestehoje.com.br\/novoportal\/wp-content\/uploads\/2025\/06\/Imagem-do-WhatsApp-de-2025-06-25-as-11.22.20_86c275fb.jpg\" class=\"attachment-thumbnail size-thumbnail\" alt=\"\" \/><\/a>\n\t\t\t<\/dt><\/dl><br style=\"clear: both\" \/>\n\t\t<\/div>\n\n","protected":false},"excerpt":{"rendered":"<p>Criado em 2002 por um pequeno grupo de amigos, o bloco masculino \u201cGuede &amp; CIA\u201d se consolidou como uma das tradi\u00e7\u00f5es do S\u00e3o Jo\u00e3o de Caatiba. A confraterniza\u00e7\u00e3o, que come\u00e7ou de forma simples, hoje faz parte do calend\u00e1rio cultural do munic\u00edpio. Neste ano, o bloco se reuniu no dia 22 de junho, terceiro dia dos [&hellip;]<\/p>\n","protected":false},"author":2,"featured_media":122388,"comment_status":"closed","ping_status":"open","sticky":false,"template":"","format":"standard","meta":{"footnotes":"","_links_to":"","_links_to_target":""},"categories":[1],"tags":[],"class_list":["post-122385","post","type-post","status-publish","format-standard","has-post-thumbnail","hentry","category-geral"],"views":1089,"_links":{"self":[{"href":"https:\/\/www.sudoestehoje.com.br\/novoportal\/wp-json\/wp\/v2\/posts\/122385","targetHints":{"allow":["GET"]}}],"collection":[{"href":"https:\/\/www.sudoestehoje.com.br\/novoportal\/wp-json\/wp\/v2\/posts"}],"about":[{"href":"https:\/\/www.sudoestehoje.com.br\/novoportal\/wp-json\/wp\/v2\/types\/post"}],"author":[{"embeddable":true,"href":"https:\/\/www.sudoestehoje.com.br\/novoportal\/wp-json\/wp\/v2\/users\/2"}],"replies":[{"embeddable":true,"href":"https:\/\/www.sudoestehoje.com.br\/novoportal\/wp-json\/wp\/v2\/comments?post=122385"}],"version-history":[{"count":6,"href":"https:\/\/www.sudoestehoje.com.br\/novoportal\/wp-json\/wp\/v2\/posts\/122385\/revisions"}],"predecessor-version":[{"id":122398,"href":"https:\/\/www.sudoestehoje.com.br\/novoportal\/wp-json\/wp\/v2\/posts\/122385\/revisions\/122398"}],"wp:featuredmedia":[{"embeddable":true,"href":"https:\/\/www.sudoestehoje.com.br\/novoportal\/wp-json\/wp\/v2\/media\/122388"}],"wp:attachment":[{"href":"https:\/\/www.sudoestehoje.com.br\/novoportal\/wp-json\/wp\/v2\/media?parent=122385"}],"wp:term":[{"taxonomy":"category","embeddable":true,"href":"https:\/\/www.sudoestehoje.com.br\/novoportal\/wp-json\/wp\/v2\/categories?post=122385"},{"taxonomy":"post_tag","embeddable":true,"href":"https:\/\/www.sudoestehoje.com.br\/novoportal\/wp-json\/wp\/v2\/tags?post=122385"}],"curies":[{"name":"wp","href":"https:\/\/api.w.org\/{rel}","templated":true}]}}