
{"id":122378,"date":"2025-06-25T10:47:10","date_gmt":"2025-06-25T13:47:10","guid":{"rendered":"https:\/\/www.sudoestehoje.com.br\/novoportal\/?p=122378"},"modified":"2025-06-25T10:47:10","modified_gmt":"2025-06-25T13:47:10","slug":"tempo-firme-e-ensolarado-na-capital-da-pecuaria-sem-previsao-de-chuva","status":"publish","type":"post","link":"https:\/\/www.sudoestehoje.com.br\/novoportal\/2025\/06\/25\/tempo-firme-e-ensolarado-na-capital-da-pecuaria-sem-previsao-de-chuva\/","title":{"rendered":"TEMPO FIRME E ENSOLARADO NA CAPITAL DA PECU\u00c1RIA; SEM PREVIS\u00c3O DE CHUVA"},"content":{"rendered":"<p><img loading=\"lazy\" decoding=\"async\" class=\"alignnone size-full wp-image-122381\" src=\"https:\/\/www.sudoestehoje.com.br\/novoportal\/wp-content\/uploads\/2025\/06\/Imagem-do-WhatsApp-de-2025-06-25-as-10.44.16_ea5b6f22.jpg\" alt=\"\" width=\"1600\" height=\"901\" \/><\/p>\n<p>Depois de um per\u00edodo frio e chuvoso, o tempo volta a ficar firme em Itapetinga, com temperaturas amenas e sol brilhando durante o dia.<\/p>\n<p>Com nevoeiro pelas manh\u00e3s e temperaturas variando entre os 18\u00b0C e 30\u00b0C , o in\u00edcio do inverno dever\u00e1 ser marcado por dias ensolarados e c\u00e9u com muitas nuvens, at\u00e9 a primeira semana de julho. \/\/SH<\/p>\n","protected":false},"excerpt":{"rendered":"<p>Depois de um per\u00edodo frio e chuvoso, o tempo volta a ficar firme em Itapetinga, com temperaturas amenas e sol brilhando durante o dia. Com nevoeiro pelas manh\u00e3s e temperaturas variando entre os 18\u00b0C e 30\u00b0C , o in\u00edcio do inverno dever\u00e1 ser marcado por dias ensolarados e c\u00e9u com muitas nuvens, at\u00e9 a primeira [&hellip;]<\/p>\n","protected":false},"author":2,"featured_media":122381,"comment_status":"closed","ping_status":"open","sticky":false,"template":"","format":"standard","meta":{"footnotes":"","_links_to":"","_links_to_target":""},"categories":[1],"tags":[],"class_list":["post-122378","post","type-post","status-publish","format-standard","has-post-thumbnail","hentry","category-geral"],"views":929,"_links":{"self":[{"href":"https:\/\/www.sudoestehoje.com.br\/novoportal\/wp-json\/wp\/v2\/posts\/122378","targetHints":{"allow":["GET"]}}],"collection":[{"href":"https:\/\/www.sudoestehoje.com.br\/novoportal\/wp-json\/wp\/v2\/posts"}],"about":[{"href":"https:\/\/www.sudoestehoje.com.br\/novoportal\/wp-json\/wp\/v2\/types\/post"}],"author":[{"embeddable":true,"href":"https:\/\/www.sudoestehoje.com.br\/novoportal\/wp-json\/wp\/v2\/users\/2"}],"replies":[{"embeddable":true,"href":"https:\/\/www.sudoestehoje.com.br\/novoportal\/wp-json\/wp\/v2\/comments?post=122378"}],"version-history":[{"count":2,"href":"https:\/\/www.sudoestehoje.com.br\/novoportal\/wp-json\/wp\/v2\/posts\/122378\/revisions"}],"predecessor-version":[{"id":122382,"href":"https:\/\/www.sudoestehoje.com.br\/novoportal\/wp-json\/wp\/v2\/posts\/122378\/revisions\/122382"}],"wp:featuredmedia":[{"embeddable":true,"href":"https:\/\/www.sudoestehoje.com.br\/novoportal\/wp-json\/wp\/v2\/media\/122381"}],"wp:attachment":[{"href":"https:\/\/www.sudoestehoje.com.br\/novoportal\/wp-json\/wp\/v2\/media?parent=122378"}],"wp:term":[{"taxonomy":"category","embeddable":true,"href":"https:\/\/www.sudoestehoje.com.br\/novoportal\/wp-json\/wp\/v2\/categories?post=122378"},{"taxonomy":"post_tag","embeddable":true,"href":"https:\/\/www.sudoestehoje.com.br\/novoportal\/wp-json\/wp\/v2\/tags?post=122378"}],"curies":[{"name":"wp","href":"https:\/\/api.w.org\/{rel}","templated":true}]}}