
{"id":122372,"date":"2025-06-25T09:08:51","date_gmt":"2025-06-25T12:08:51","guid":{"rendered":"https:\/\/www.sudoestehoje.com.br\/novoportal\/?p=122372"},"modified":"2025-06-25T11:02:40","modified_gmt":"2025-06-25T14:02:40","slug":"itapetinga-pib-do-sao-joao-deve-ultrapassar-os-r-30-milhoes-segundo-consultoria","status":"publish","type":"post","link":"https:\/\/www.sudoestehoje.com.br\/novoportal\/2025\/06\/25\/itapetinga-pib-do-sao-joao-deve-ultrapassar-os-r-30-milhoes-segundo-consultoria\/","title":{"rendered":"ITAPETINGA | &#8216;PIB&#8217; DO S\u00c3O JO\u00c3O DEVE ULTRAPASSAR OS R$ 30 MILH\u00d5ES, SEGUNDO CONSULTORIA"},"content":{"rendered":"<p><img loading=\"lazy\" decoding=\"async\" class=\"alignnone size-full wp-image-122375\" src=\"https:\/\/www.sudoestehoje.com.br\/novoportal\/wp-content\/uploads\/2025\/06\/Imagem-do-WhatsApp-de-2025-06-21-as-12.26.46_8badbbbb-1.jpg\" alt=\"\" width=\"1600\" height=\"900\" \/><\/p>\n<p>Um levantamento que est\u00e1 sendo realizado pela <em>Ag\u00eancia de Publicidade e Planejamento PROPAG<\/em>, projeta um incremento superior a R$ 30 milh\u00f5es de reais na economia local, durante o per\u00edodo dos festejos juninos no munic\u00edpio de Itapetinga.<\/p>\n<p>De acordo com a Ag\u00eancia Propag, est\u00e3o sendo levados em conta toda a movimenta\u00e7\u00e3o financeira no com\u00e9rcio formal e informal, no per\u00edodo dos 15 dias que antecederam e durante as festas de S\u00e3o Jo\u00e3o no munic\u00edpio.<\/p>\n<p>No levantamento, ficou constatado que os gastos com alimenta\u00e7\u00e3o, vestu\u00e1rio e bebidas tiveram um papel relevante no incremento da economia, ao lado das receitas extras com a cria\u00e7\u00e3o de empregos tempor\u00e1rios e at\u00e9 permanentes neste per\u00edodo.<\/p>\n<p>Ao Sudoeste Hoje, o prefeito Eduardo Hagge destacou que &#8220;os gastos para realiza\u00e7\u00e3o do S\u00e3o Jo\u00e3o pouco representam em compara\u00e7\u00e3o com o incremento de diversos setores da economia, gerando renda e oportunidades\u00a0 para a popula\u00e7\u00e3o em geral&#8221;.<\/p>\n<p>O levantamento foi encomendado pelo site <em>Sudoeste Hoje<\/em> e dever\u00e1 ser publicado assim que for conclu\u00eddo.<\/p>\n<p>Por Davi Ferraz<\/p>\n","protected":false},"excerpt":{"rendered":"<p>Um levantamento que est\u00e1 sendo realizado pela Ag\u00eancia de Publicidade e Planejamento PROPAG, projeta um incremento superior a R$ 30 milh\u00f5es de reais na economia local, durante o per\u00edodo dos festejos juninos no munic\u00edpio de Itapetinga. De acordo com a Ag\u00eancia Propag, est\u00e3o sendo levados em conta toda a movimenta\u00e7\u00e3o financeira no com\u00e9rcio formal e [&hellip;]<\/p>\n","protected":false},"author":2,"featured_media":122375,"comment_status":"closed","ping_status":"open","sticky":false,"template":"","format":"standard","meta":{"footnotes":"","_links_to":"","_links_to_target":""},"categories":[1],"tags":[],"class_list":["post-122372","post","type-post","status-publish","format-standard","has-post-thumbnail","hentry","category-geral"],"views":1185,"_links":{"self":[{"href":"https:\/\/www.sudoestehoje.com.br\/novoportal\/wp-json\/wp\/v2\/posts\/122372","targetHints":{"allow":["GET"]}}],"collection":[{"href":"https:\/\/www.sudoestehoje.com.br\/novoportal\/wp-json\/wp\/v2\/posts"}],"about":[{"href":"https:\/\/www.sudoestehoje.com.br\/novoportal\/wp-json\/wp\/v2\/types\/post"}],"author":[{"embeddable":true,"href":"https:\/\/www.sudoestehoje.com.br\/novoportal\/wp-json\/wp\/v2\/users\/2"}],"replies":[{"embeddable":true,"href":"https:\/\/www.sudoestehoje.com.br\/novoportal\/wp-json\/wp\/v2\/comments?post=122372"}],"version-history":[{"count":5,"href":"https:\/\/www.sudoestehoje.com.br\/novoportal\/wp-json\/wp\/v2\/posts\/122372\/revisions"}],"predecessor-version":[{"id":122384,"href":"https:\/\/www.sudoestehoje.com.br\/novoportal\/wp-json\/wp\/v2\/posts\/122372\/revisions\/122384"}],"wp:featuredmedia":[{"embeddable":true,"href":"https:\/\/www.sudoestehoje.com.br\/novoportal\/wp-json\/wp\/v2\/media\/122375"}],"wp:attachment":[{"href":"https:\/\/www.sudoestehoje.com.br\/novoportal\/wp-json\/wp\/v2\/media?parent=122372"}],"wp:term":[{"taxonomy":"category","embeddable":true,"href":"https:\/\/www.sudoestehoje.com.br\/novoportal\/wp-json\/wp\/v2\/categories?post=122372"},{"taxonomy":"post_tag","embeddable":true,"href":"https:\/\/www.sudoestehoje.com.br\/novoportal\/wp-json\/wp\/v2\/tags?post=122372"}],"curies":[{"name":"wp","href":"https:\/\/api.w.org\/{rel}","templated":true}]}}