
{"id":122362,"date":"2025-06-23T20:24:09","date_gmt":"2025-06-23T23:24:09","guid":{"rendered":"https:\/\/www.sudoestehoje.com.br\/novoportal\/?p=122362"},"modified":"2025-06-23T20:24:09","modified_gmt":"2025-06-23T23:24:09","slug":"sao-joao-de-itapetinga-e-destaque-em-rede-nacional-pela-tv-record","status":"publish","type":"post","link":"https:\/\/www.sudoestehoje.com.br\/novoportal\/2025\/06\/23\/sao-joao-de-itapetinga-e-destaque-em-rede-nacional-pela-tv-record\/","title":{"rendered":"S\u00c3O JO\u00c3O DE ITAPETINGA \u00c9 DESTAQUE EM REDE NACIONAL PELA TV RECORD"},"content":{"rendered":"<div style=\"width: 848px;\" class=\"wp-video\"><!--[if lt IE 9]><script>document.createElement('video');<\/script><![endif]-->\n<video class=\"wp-video-shortcode\" id=\"video-122362-1\" width=\"848\" height=\"478\" preload=\"metadata\" controls=\"controls\"><source type=\"video\/mp4\" src=\"https:\/\/www.sudoestehoje.com.br\/novoportal\/wp-content\/uploads\/2025\/06\/Video-do-WhatsApp-de-2025-06-23-as-20.14.06_5fe91b5b.mp4?_=1\" \/><a href=\"https:\/\/www.sudoestehoje.com.br\/novoportal\/wp-content\/uploads\/2025\/06\/Video-do-WhatsApp-de-2025-06-23-as-20.14.06_5fe91b5b.mp4\">https:\/\/www.sudoestehoje.com.br\/novoportal\/wp-content\/uploads\/2025\/06\/Video-do-WhatsApp-de-2025-06-23-as-20.14.06_5fe91b5b.mp4<\/a><\/video><\/div>\n","protected":false},"excerpt":{"rendered":"","protected":false},"author":2,"featured_media":122364,"comment_status":"closed","ping_status":"open","sticky":false,"template":"","format":"standard","meta":{"footnotes":"","_links_to":"","_links_to_target":""},"categories":[1],"tags":[],"class_list":["post-122362","post","type-post","status-publish","format-standard","has-post-thumbnail","hentry","category-geral"],"views":1483,"_links":{"self":[{"href":"https:\/\/www.sudoestehoje.com.br\/novoportal\/wp-json\/wp\/v2\/posts\/122362","targetHints":{"allow":["GET"]}}],"collection":[{"href":"https:\/\/www.sudoestehoje.com.br\/novoportal\/wp-json\/wp\/v2\/posts"}],"about":[{"href":"https:\/\/www.sudoestehoje.com.br\/novoportal\/wp-json\/wp\/v2\/types\/post"}],"author":[{"embeddable":true,"href":"https:\/\/www.sudoestehoje.com.br\/novoportal\/wp-json\/wp\/v2\/users\/2"}],"replies":[{"embeddable":true,"href":"https:\/\/www.sudoestehoje.com.br\/novoportal\/wp-json\/wp\/v2\/comments?post=122362"}],"version-history":[{"count":2,"href":"https:\/\/www.sudoestehoje.com.br\/novoportal\/wp-json\/wp\/v2\/posts\/122362\/revisions"}],"predecessor-version":[{"id":122366,"href":"https:\/\/www.sudoestehoje.com.br\/novoportal\/wp-json\/wp\/v2\/posts\/122362\/revisions\/122366"}],"wp:featuredmedia":[{"embeddable":true,"href":"https:\/\/www.sudoestehoje.com.br\/novoportal\/wp-json\/wp\/v2\/media\/122364"}],"wp:attachment":[{"href":"https:\/\/www.sudoestehoje.com.br\/novoportal\/wp-json\/wp\/v2\/media?parent=122362"}],"wp:term":[{"taxonomy":"category","embeddable":true,"href":"https:\/\/www.sudoestehoje.com.br\/novoportal\/wp-json\/wp\/v2\/categories?post=122362"},{"taxonomy":"post_tag","embeddable":true,"href":"https:\/\/www.sudoestehoje.com.br\/novoportal\/wp-json\/wp\/v2\/tags?post=122362"}],"curies":[{"name":"wp","href":"https:\/\/api.w.org\/{rel}","templated":true}]}}