
{"id":122353,"date":"2025-06-23T13:27:20","date_gmt":"2025-06-23T16:27:20","guid":{"rendered":"https:\/\/www.sudoestehoje.com.br\/novoportal\/?p=122353"},"modified":"2025-06-23T14:23:43","modified_gmt":"2025-06-23T17:23:43","slug":"video-igor-canario-faz-show-tranquilo-no-parque-da-lagoa-em-itapetinga","status":"publish","type":"post","link":"https:\/\/www.sudoestehoje.com.br\/novoportal\/2025\/06\/23\/video-igor-canario-faz-show-tranquilo-no-parque-da-lagoa-em-itapetinga\/","title":{"rendered":"V\u00cdDEO | IGOR KAN\u00c1RIO FAZ SHOW TRANQUILO NO PARQUE DA LAGOA EM ITAPETINGA"},"content":{"rendered":"<p><img loading=\"lazy\" decoding=\"async\" class=\"alignnone size-full wp-image-122356\" src=\"https:\/\/www.sudoestehoje.com.br\/novoportal\/wp-content\/uploads\/2025\/06\/Imagem-do-WhatsApp-de-2025-06-23-as-12.40.48_5f13ac38.jpg\" alt=\"\" width=\"1600\" height=\"900\" \/><\/p>\n<p>Ao contr\u00e1rio do que muita gente esperava, e at\u00e9 torcia, o show do consagrado cantor baiano, Igor Kan\u00e1rio, foi muito tranquilo e agradou em cheio o p\u00fablico que lotou a Parque da Lagoa, especialmente para conhec\u00ea-lo, j\u00e1 que o artista n\u00e3o atua muito por estas &#8216;bandas&#8217;.<\/p>\n<p>Durante o dia, especula\u00e7\u00f5es negativas sobre a vida do artista inundaram as redes sociais, visando afastar a popula\u00e7\u00e3o da festa, mas nada abalou o sucesso do melhor e mais seguro S\u00e3o Jo\u00e3o da Bahia, promovido pela Prefeitura, sob o comando do atuante gestor Eduardo Hagge. (Veja V\u00eddeo);<\/p>\n<div style=\"width: 848px;\" class=\"wp-video\"><!--[if lt IE 9]><script>document.createElement('video');<\/script><![endif]-->\n<video class=\"wp-video-shortcode\" id=\"video-122353-1\" width=\"848\" height=\"382\" preload=\"metadata\" controls=\"controls\"><source type=\"video\/mp4\" src=\"https:\/\/www.sudoestehoje.com.br\/novoportal\/wp-content\/uploads\/2025\/06\/Video-do-WhatsApp-de-2025-06-23-as-13.23.06_0a02b0bd.mp4?_=1\" \/><a href=\"https:\/\/www.sudoestehoje.com.br\/novoportal\/wp-content\/uploads\/2025\/06\/Video-do-WhatsApp-de-2025-06-23-as-13.23.06_0a02b0bd.mp4\">https:\/\/www.sudoestehoje.com.br\/novoportal\/wp-content\/uploads\/2025\/06\/Video-do-WhatsApp-de-2025-06-23-as-13.23.06_0a02b0bd.mp4<\/a><\/video><\/div>\n<p><em>&#8220;Tentaram criar uma expectativa negativa visando prejudicar a festa, mas tudo correu bem e o show de Igor Can\u00e1rio foi um sucesso estrondoso, para os padr\u00f5es de Itapetinga. Desta forma, o negativismo de alguns &#8216;esp\u00edritos de porco&#8217; acabou promovendo a festa, ao inv\u00e9s de prejudic\u00e1-la&#8221;<\/em>, comentou um barraqueiro local, defensor da diversidade nos festejos juninos<\/p>\n<p>Abriram o grande show de Igor Kan\u00e1rio, neste terceiro dia de festa (domingo 22), o grupo local de forr\u00f3, Ivan Alves e Z\u00e9 Reinan, e o forrozeiro regional Edgar M\u00e3o Branca. Fecharam a noite, a banda Kart Love e Forr\u00f3 de Lira.<\/p>\n<p>Por Davi Ferraz<\/p>\n","protected":false},"excerpt":{"rendered":"<p>Ao contr\u00e1rio do que muita gente esperava, e at\u00e9 torcia, o show do consagrado cantor baiano, Igor Kan\u00e1rio, foi muito tranquilo e agradou em cheio o p\u00fablico que lotou a Parque da Lagoa, especialmente para conhec\u00ea-lo, j\u00e1 que o artista n\u00e3o atua muito por estas &#8216;bandas&#8217;. Durante o dia, especula\u00e7\u00f5es negativas sobre a vida do [&hellip;]<\/p>\n","protected":false},"author":2,"featured_media":122356,"comment_status":"closed","ping_status":"open","sticky":false,"template":"","format":"standard","meta":{"footnotes":"","_links_to":"","_links_to_target":""},"categories":[1],"tags":[],"class_list":["post-122353","post","type-post","status-publish","format-standard","has-post-thumbnail","hentry","category-geral"],"views":1219,"_links":{"self":[{"href":"https:\/\/www.sudoestehoje.com.br\/novoportal\/wp-json\/wp\/v2\/posts\/122353","targetHints":{"allow":["GET"]}}],"collection":[{"href":"https:\/\/www.sudoestehoje.com.br\/novoportal\/wp-json\/wp\/v2\/posts"}],"about":[{"href":"https:\/\/www.sudoestehoje.com.br\/novoportal\/wp-json\/wp\/v2\/types\/post"}],"author":[{"embeddable":true,"href":"https:\/\/www.sudoestehoje.com.br\/novoportal\/wp-json\/wp\/v2\/users\/2"}],"replies":[{"embeddable":true,"href":"https:\/\/www.sudoestehoje.com.br\/novoportal\/wp-json\/wp\/v2\/comments?post=122353"}],"version-history":[{"count":5,"href":"https:\/\/www.sudoestehoje.com.br\/novoportal\/wp-json\/wp\/v2\/posts\/122353\/revisions"}],"predecessor-version":[{"id":122361,"href":"https:\/\/www.sudoestehoje.com.br\/novoportal\/wp-json\/wp\/v2\/posts\/122353\/revisions\/122361"}],"wp:featuredmedia":[{"embeddable":true,"href":"https:\/\/www.sudoestehoje.com.br\/novoportal\/wp-json\/wp\/v2\/media\/122356"}],"wp:attachment":[{"href":"https:\/\/www.sudoestehoje.com.br\/novoportal\/wp-json\/wp\/v2\/media?parent=122353"}],"wp:term":[{"taxonomy":"category","embeddable":true,"href":"https:\/\/www.sudoestehoje.com.br\/novoportal\/wp-json\/wp\/v2\/categories?post=122353"},{"taxonomy":"post_tag","embeddable":true,"href":"https:\/\/www.sudoestehoje.com.br\/novoportal\/wp-json\/wp\/v2\/tags?post=122353"}],"curies":[{"name":"wp","href":"https:\/\/api.w.org\/{rel}","templated":true}]}}