
{"id":12234,"date":"2012-01-18T06:27:16","date_gmt":"2012-01-18T09:27:16","guid":{"rendered":"http:\/\/www.sudoestehoje.com.br\/novoportal\/?p=12234"},"modified":"2012-01-18T06:27:16","modified_gmt":"2012-01-18T09:27:16","slug":"camara-analisa-projeto-de-unificacao-das-eleicoes","status":"publish","type":"post","link":"https:\/\/www.sudoestehoje.com.br\/novoportal\/2012\/01\/18\/camara-analisa-projeto-de-unificacao-das-eleicoes\/","title":{"rendered":"C\u00c2MARA ANALISA PROJETO DE UNIFICA\u00c7\u00c3O DAS ELEI\u00c7\u00d5ES"},"content":{"rendered":"<p style=\"text-align: center;\"><img decoding=\"async\" class=\"aligncenter\" src=\"http:\/\/www.geomundi.org\/wp-content\/uploads\/2008\/10\/mariano.jpg\" alt=\"\" width=\"400\" \/><\/p>\n<p>A C\u00e2mara Federal analisa uma proposta que convoca plebiscito para saber a opini\u00e3o dos eleitores brasileiros sobre a realiza\u00e7\u00e3o simult\u00e2nea das elei\u00e7\u00f5es municipais, distritais, estaduais e federais. Segundo o texto (Projeto de Decreto Legislativo 514\/11), o eleitorado ser\u00e1 chamado a responder \u201csim\u201d ou \u201cn\u00e3o\u201d \u00e0 seguinte quest\u00e3o: \u201cVoc\u00ea \u00e9 a favor da simultaneidade das elei\u00e7\u00f5es municipais, distritais, estaduais e federais?\u201d. Para o autor, deputado Jovair Arantes (PTB-GO), a realiza\u00e7\u00e3o simult\u00e2nea dos pleitos evitar\u00e1 a interrup\u00e7\u00e3o, a cada dois anos, do regular andamento das institui\u00e7\u00f5es pol\u00edticas, al\u00e9m de representar economia para o Tesouro Nacional. A proposta estabelece que o plebiscito seja realizado juntamente com a primeira elei\u00e7\u00e3o subsequente \u00e0 promulga\u00e7\u00e3o do decreto legislativo. O projeto ser\u00e1 analisado pelas comiss\u00f5es de Finan\u00e7as e Tributa\u00e7\u00e3o, e de Constitui\u00e7\u00e3o e Justi\u00e7a e de Cidadania. Em seguida, seguir\u00e1 para an\u00e1lise do plen\u00e1rio. Da ag\u00eancia C\u00e2mara<\/p>\n","protected":false},"excerpt":{"rendered":"<p>A C\u00e2mara Federal analisa uma proposta que convoca plebiscito para saber a opini\u00e3o dos eleitores brasileiros sobre a realiza\u00e7\u00e3o simult\u00e2nea das elei\u00e7\u00f5es municipais, distritais, estaduais e federais. Segundo o texto (Projeto de Decreto Legislativo 514\/11), o eleitorado ser\u00e1 chamado a responder \u201csim\u201d ou \u201cn\u00e3o\u201d \u00e0 seguinte quest\u00e3o: \u201cVoc\u00ea \u00e9 a favor da simultaneidade das elei\u00e7\u00f5es [&hellip;]<\/p>\n","protected":false},"author":2,"featured_media":0,"comment_status":"open","ping_status":"open","sticky":false,"template":"","format":"standard","meta":{"footnotes":"","_links_to":"","_links_to_target":""},"categories":[1],"tags":[],"class_list":["post-12234","post","type-post","status-publish","format-standard","hentry","category-geral"],"views":1286,"_links":{"self":[{"href":"https:\/\/www.sudoestehoje.com.br\/novoportal\/wp-json\/wp\/v2\/posts\/12234","targetHints":{"allow":["GET"]}}],"collection":[{"href":"https:\/\/www.sudoestehoje.com.br\/novoportal\/wp-json\/wp\/v2\/posts"}],"about":[{"href":"https:\/\/www.sudoestehoje.com.br\/novoportal\/wp-json\/wp\/v2\/types\/post"}],"author":[{"embeddable":true,"href":"https:\/\/www.sudoestehoje.com.br\/novoportal\/wp-json\/wp\/v2\/users\/2"}],"replies":[{"embeddable":true,"href":"https:\/\/www.sudoestehoje.com.br\/novoportal\/wp-json\/wp\/v2\/comments?post=12234"}],"version-history":[{"count":3,"href":"https:\/\/www.sudoestehoje.com.br\/novoportal\/wp-json\/wp\/v2\/posts\/12234\/revisions"}],"predecessor-version":[{"id":12237,"href":"https:\/\/www.sudoestehoje.com.br\/novoportal\/wp-json\/wp\/v2\/posts\/12234\/revisions\/12237"}],"wp:attachment":[{"href":"https:\/\/www.sudoestehoje.com.br\/novoportal\/wp-json\/wp\/v2\/media?parent=12234"}],"wp:term":[{"taxonomy":"category","embeddable":true,"href":"https:\/\/www.sudoestehoje.com.br\/novoportal\/wp-json\/wp\/v2\/categories?post=12234"},{"taxonomy":"post_tag","embeddable":true,"href":"https:\/\/www.sudoestehoje.com.br\/novoportal\/wp-json\/wp\/v2\/tags?post=12234"}],"curies":[{"name":"wp","href":"https:\/\/api.w.org\/{rel}","templated":true}]}}