
{"id":122332,"date":"2025-06-20T08:55:40","date_gmt":"2025-06-20T11:55:40","guid":{"rendered":"https:\/\/www.sudoestehoje.com.br\/novoportal\/?p=122332"},"modified":"2025-06-20T09:27:14","modified_gmt":"2025-06-20T12:27:14","slug":"encontro-casual-entre-rodrigo-hagge-e-jeronimo-causa-rebolico-na-politica-de-itapetinga-e-regiao","status":"publish","type":"post","link":"https:\/\/www.sudoestehoje.com.br\/novoportal\/2025\/06\/20\/encontro-casual-entre-rodrigo-hagge-e-jeronimo-causa-rebolico-na-politica-de-itapetinga-e-regiao\/","title":{"rendered":"ENCONTRO CASUAL ENTRE RODRIGO HAGGE E JER\u00d4NIMO CAUSA REBOLI\u00c7O NA POL\u00cdTICA DE ITAPETINGA E REGI\u00c3O"},"content":{"rendered":"<p><img loading=\"lazy\" decoding=\"async\" class=\"alignnone size-full wp-image-122335\" src=\"https:\/\/www.sudoestehoje.com.br\/novoportal\/wp-content\/uploads\/2025\/06\/Imagem-do-WhatsApp-de-2025-06-20-as-08.28.44_c592418b.jpg\" alt=\"\" width=\"1080\" height=\"1173\" \/><\/p>\n<p>Um encontro casual entre o ex-prefeito de Itapetinga, Rodrigo Hagge, e o governador Jer\u00f4nimo Rodrigues, na noite desta quinta-feira (19), durante o Festsol de Itoror\u00f3, mexeu com o cen\u00e1rio pol\u00edtico de Itapetinga, com muita gente especulando a possibilidade de ades\u00e3o de Rodrigo ao projeto do governo.<\/p>\n<p>A conversa entre as duas lideran\u00e7as foi r\u00e1pida, no meio da multid\u00e3o, e n\u00e3o passou de mero cumprimento, segundo apoiadores do ex-prefeito, que \u00e9 umbilicalmente ligado ao projeto do ex-prefeito de Salvador, ACM Neto.<\/p>\n<p>Por outro lado, Rodrigo \u00e9 filiado ao MDB de Geddel e ter\u00e1 que fazer uma escolha at\u00e9 mar\u00e7o de 2026, caso queira disputar uma vaga para a Assembleia Legislativa, com fortes chance de elei\u00e7\u00e3o, pela sua lideran\u00e7a regional e acordos eleitorais Bahia afora.<\/p>\n<p>Na nossa modesta opini\u00e3o, at\u00e9 a janela partid\u00e1ria do ano que vem, tudo pode acontecer, at\u00e9 mesmo a filia\u00e7\u00e3o de Rodrigo em um partido da base de ACM Neto.<\/p>\n<p>Por aqui, <em>Gabirabas<\/em> e <em>Saru\u00eas<\/em> torcem para uma recomposi\u00e7\u00e3o entre Rodrigo e seu tio Eduardo Hagge, prefeito do munic\u00edpio, pela uni\u00e3o do grupo<em> michelista<\/em>, tido como &#8220;invenc\u00edvel&#8221; e vencedor de v\u00e1rias elei\u00e7\u00f5es no munic\u00edpio<\/p>\n<p>\u00c9 esperar pra ver&#8230;<\/p>\n<p>Por Davi Ferraz<\/p>\n<p><img loading=\"lazy\" decoding=\"async\" class=\"alignnone size-full wp-image-122338\" src=\"https:\/\/www.sudoestehoje.com.br\/novoportal\/wp-content\/uploads\/2025\/06\/Imagem-do-WhatsApp-de-2025-06-20-as-09.25.01_abc66f0f.jpg\" alt=\"\" width=\"1080\" height=\"1346\" \/><\/p>\n","protected":false},"excerpt":{"rendered":"<p>Um encontro casual entre o ex-prefeito de Itapetinga, Rodrigo Hagge, e o governador Jer\u00f4nimo Rodrigues, na noite desta quinta-feira (19), durante o Festsol de Itoror\u00f3, mexeu com o cen\u00e1rio pol\u00edtico de Itapetinga, com muita gente especulando a possibilidade de ades\u00e3o de Rodrigo ao projeto do governo. A conversa entre as duas lideran\u00e7as foi r\u00e1pida, no [&hellip;]<\/p>\n","protected":false},"author":2,"featured_media":122335,"comment_status":"closed","ping_status":"open","sticky":false,"template":"","format":"standard","meta":{"footnotes":"","_links_to":"","_links_to_target":""},"categories":[1],"tags":[],"class_list":["post-122332","post","type-post","status-publish","format-standard","has-post-thumbnail","hentry","category-geral"],"views":1410,"_links":{"self":[{"href":"https:\/\/www.sudoestehoje.com.br\/novoportal\/wp-json\/wp\/v2\/posts\/122332","targetHints":{"allow":["GET"]}}],"collection":[{"href":"https:\/\/www.sudoestehoje.com.br\/novoportal\/wp-json\/wp\/v2\/posts"}],"about":[{"href":"https:\/\/www.sudoestehoje.com.br\/novoportal\/wp-json\/wp\/v2\/types\/post"}],"author":[{"embeddable":true,"href":"https:\/\/www.sudoestehoje.com.br\/novoportal\/wp-json\/wp\/v2\/users\/2"}],"replies":[{"embeddable":true,"href":"https:\/\/www.sudoestehoje.com.br\/novoportal\/wp-json\/wp\/v2\/comments?post=122332"}],"version-history":[{"count":6,"href":"https:\/\/www.sudoestehoje.com.br\/novoportal\/wp-json\/wp\/v2\/posts\/122332\/revisions"}],"predecessor-version":[{"id":122340,"href":"https:\/\/www.sudoestehoje.com.br\/novoportal\/wp-json\/wp\/v2\/posts\/122332\/revisions\/122340"}],"wp:featuredmedia":[{"embeddable":true,"href":"https:\/\/www.sudoestehoje.com.br\/novoportal\/wp-json\/wp\/v2\/media\/122335"}],"wp:attachment":[{"href":"https:\/\/www.sudoestehoje.com.br\/novoportal\/wp-json\/wp\/v2\/media?parent=122332"}],"wp:term":[{"taxonomy":"category","embeddable":true,"href":"https:\/\/www.sudoestehoje.com.br\/novoportal\/wp-json\/wp\/v2\/categories?post=122332"},{"taxonomy":"post_tag","embeddable":true,"href":"https:\/\/www.sudoestehoje.com.br\/novoportal\/wp-json\/wp\/v2\/tags?post=122332"}],"curies":[{"name":"wp","href":"https:\/\/api.w.org\/{rel}","templated":true}]}}