
{"id":122322,"date":"2025-06-20T07:44:25","date_gmt":"2025-06-20T10:44:25","guid":{"rendered":"https:\/\/www.sudoestehoje.com.br\/novoportal\/?p=122322"},"modified":"2025-06-19T23:21:39","modified_gmt":"2025-06-20T02:21:39","slug":"sao-joao-mudancas-de-transito-no-entorno-do-parque-da-lagoa","status":"publish","type":"post","link":"https:\/\/www.sudoestehoje.com.br\/novoportal\/2025\/06\/20\/sao-joao-mudancas-de-transito-no-entorno-do-parque-da-lagoa\/","title":{"rendered":"S\u00c3O JO\u00c3O | MUDAN\u00c7AS DE TR\u00c2NSITO NO ENTORNO DO PARQUE DA LAGOA"},"content":{"rendered":"<p><img loading=\"lazy\" decoding=\"async\" class=\"alignnone size-full wp-image-122326\" src=\"https:\/\/www.sudoestehoje.com.br\/novoportal\/wp-content\/uploads\/2025\/06\/Imagem-do-WhatsApp-de-2025-06-19-as-23.11.21_47d40bbd.jpg\" alt=\"\" width=\"1600\" height=\"901\" \/><\/p>\n<p><em>REDA\u00c7\u00c3O SH<\/em><\/p>\n<p>Com a montagem da estrutura para a realiza\u00e7\u00e3o da festa de S\u00e3o Jo\u00e3o, o tr\u00e2nsito no per\u00edmetro do Parque Poliesportivo da Lagoa em Itapetinga sofreu algumas modifica\u00e7\u00f5es ordenadas pela Comutran, visando facilitar o fluxo de pessoas e ve\u00edculos no local.<\/p>\n<p>A principal altera\u00e7\u00e3o foi o fechamento das duas pistas da Av. Cinquenten\u00e1rio entre o Tiro de Guerra e o posto de combust\u00edveis do trevo, com desvio do tr\u00e2nsito para a Av. Bras\u00edlia, no Morumbi e ruas adjacentes.<\/p>\n<p>Na Av. Flamengo, o bloqueio se limitou \u00e0 lateral do Tiro de Guerra e o campo de futebol, onde foram montados os camarins e parte do palco.<\/p>\n<p>Os estacionamentos ficar\u00e3o restritos \u00e0s ruas pr\u00f3ximas e parte da \u00e1rea gramada do pr\u00f3prio parque, nas proximidades do trevo da BA-263.<\/p>\n","protected":false},"excerpt":{"rendered":"<p>REDA\u00c7\u00c3O SH Com a montagem da estrutura para a realiza\u00e7\u00e3o da festa de S\u00e3o Jo\u00e3o, o tr\u00e2nsito no per\u00edmetro do Parque Poliesportivo da Lagoa em Itapetinga sofreu algumas modifica\u00e7\u00f5es ordenadas pela Comutran, visando facilitar o fluxo de pessoas e ve\u00edculos no local. A principal altera\u00e7\u00e3o foi o fechamento das duas pistas da Av. Cinquenten\u00e1rio entre [&hellip;]<\/p>\n","protected":false},"author":2,"featured_media":122326,"comment_status":"closed","ping_status":"open","sticky":false,"template":"","format":"standard","meta":{"footnotes":"","_links_to":"","_links_to_target":""},"categories":[1],"tags":[],"class_list":["post-122322","post","type-post","status-publish","format-standard","has-post-thumbnail","hentry","category-geral"],"views":1010,"_links":{"self":[{"href":"https:\/\/www.sudoestehoje.com.br\/novoportal\/wp-json\/wp\/v2\/posts\/122322","targetHints":{"allow":["GET"]}}],"collection":[{"href":"https:\/\/www.sudoestehoje.com.br\/novoportal\/wp-json\/wp\/v2\/posts"}],"about":[{"href":"https:\/\/www.sudoestehoje.com.br\/novoportal\/wp-json\/wp\/v2\/types\/post"}],"author":[{"embeddable":true,"href":"https:\/\/www.sudoestehoje.com.br\/novoportal\/wp-json\/wp\/v2\/users\/2"}],"replies":[{"embeddable":true,"href":"https:\/\/www.sudoestehoje.com.br\/novoportal\/wp-json\/wp\/v2\/comments?post=122322"}],"version-history":[{"count":5,"href":"https:\/\/www.sudoestehoje.com.br\/novoportal\/wp-json\/wp\/v2\/posts\/122322\/revisions"}],"predecessor-version":[{"id":122328,"href":"https:\/\/www.sudoestehoje.com.br\/novoportal\/wp-json\/wp\/v2\/posts\/122322\/revisions\/122328"}],"wp:featuredmedia":[{"embeddable":true,"href":"https:\/\/www.sudoestehoje.com.br\/novoportal\/wp-json\/wp\/v2\/media\/122326"}],"wp:attachment":[{"href":"https:\/\/www.sudoestehoje.com.br\/novoportal\/wp-json\/wp\/v2\/media?parent=122322"}],"wp:term":[{"taxonomy":"category","embeddable":true,"href":"https:\/\/www.sudoestehoje.com.br\/novoportal\/wp-json\/wp\/v2\/categories?post=122322"},{"taxonomy":"post_tag","embeddable":true,"href":"https:\/\/www.sudoestehoje.com.br\/novoportal\/wp-json\/wp\/v2\/tags?post=122322"}],"curies":[{"name":"wp","href":"https:\/\/api.w.org\/{rel}","templated":true}]}}