
{"id":122316,"date":"2025-06-19T19:14:17","date_gmt":"2025-06-19T22:14:17","guid":{"rendered":"https:\/\/www.sudoestehoje.com.br\/novoportal\/?p=122316"},"modified":"2025-06-20T00:34:31","modified_gmt":"2025-06-20T03:34:31","slug":"tempo-bom-deve-predominar-durante-festejos-de-sao-joao-em-itapetinga","status":"publish","type":"post","link":"https:\/\/www.sudoestehoje.com.br\/novoportal\/2025\/06\/19\/tempo-bom-deve-predominar-durante-festejos-de-sao-joao-em-itapetinga\/","title":{"rendered":"TEMPO BOM DEVE PREDOMINAR DURANTE FESTEJOS DE S\u00c3O JO\u00c3O EM ITAPETINGA"},"content":{"rendered":"<p><img loading=\"lazy\" decoding=\"async\" class=\"alignnone size-full wp-image-122320\" src=\"https:\/\/www.sudoestehoje.com.br\/novoportal\/wp-content\/uploads\/2025\/06\/Imagem-do-WhatsApp-de-2025-06-19-as-19.10.46_3a86d2da-1.jpg\" alt=\"\" width=\"1600\" height=\"901\" \/><\/p>\n<p><em>REDA\u00c7\u00c3O SH<\/em><\/p>\n<p>Para quem est\u00e1 de olho na programa\u00e7\u00e3o do S\u00e3o Jo\u00e3o de Itapetinga, mas com d\u00favida se ir\u00e1 chover, ou n\u00e3o, pode ficar tranquilo. Segundo o INMET e Climatempo, n\u00e3o h\u00e1 previs\u00e3o de chuvas fortes para os pr\u00f3ximos dias.<\/p>\n<p>O boletim indica chuvas fracas e isoladas apenas pelas manh\u00e3s, com acumulados entre 2 a 10 mil\u00edmetros at\u00e9 o dia 23, \u00faltimo dia dos festejos juninos na Capital da pecu\u00e1ria. De acordo com os institutos de meteorologia, o que deve predominar \u00e9 a queda de temperatura, especialmente durante a madrugada.<\/p>\n<p>As m\u00ednimas podem chegar a 15\u00b0C, com as noites variando entre 21\u00b0C e 19\u00b0C, proporcionando um clima mais ameno para o p\u00fablico.<img loading=\"lazy\" decoding=\"async\" class=\"alignnone size-full wp-image-121968\" src=\"https:\/\/www.sudoestehoje.com.br\/novoportal\/wp-content\/uploads\/2025\/05\/Imagem-do-WhatsApp-de-2025-05-28-as-16.36.18_c2dda5f0.jpg\" alt=\"\" width=\"1600\" height=\"412\" \/><\/p>\n","protected":false},"excerpt":{"rendered":"<p>REDA\u00c7\u00c3O SH Para quem est\u00e1 de olho na programa\u00e7\u00e3o do S\u00e3o Jo\u00e3o de Itapetinga, mas com d\u00favida se ir\u00e1 chover, ou n\u00e3o, pode ficar tranquilo. Segundo o INMET e Climatempo, n\u00e3o h\u00e1 previs\u00e3o de chuvas fortes para os pr\u00f3ximos dias. O boletim indica chuvas fracas e isoladas apenas pelas manh\u00e3s, com acumulados entre 2 a [&hellip;]<\/p>\n","protected":false},"author":2,"featured_media":122320,"comment_status":"closed","ping_status":"open","sticky":false,"template":"","format":"standard","meta":{"footnotes":"","_links_to":"","_links_to_target":""},"categories":[1],"tags":[],"class_list":["post-122316","post","type-post","status-publish","format-standard","has-post-thumbnail","hentry","category-geral"],"views":1089,"_links":{"self":[{"href":"https:\/\/www.sudoestehoje.com.br\/novoportal\/wp-json\/wp\/v2\/posts\/122316","targetHints":{"allow":["GET"]}}],"collection":[{"href":"https:\/\/www.sudoestehoje.com.br\/novoportal\/wp-json\/wp\/v2\/posts"}],"about":[{"href":"https:\/\/www.sudoestehoje.com.br\/novoportal\/wp-json\/wp\/v2\/types\/post"}],"author":[{"embeddable":true,"href":"https:\/\/www.sudoestehoje.com.br\/novoportal\/wp-json\/wp\/v2\/users\/2"}],"replies":[{"embeddable":true,"href":"https:\/\/www.sudoestehoje.com.br\/novoportal\/wp-json\/wp\/v2\/comments?post=122316"}],"version-history":[{"count":5,"href":"https:\/\/www.sudoestehoje.com.br\/novoportal\/wp-json\/wp\/v2\/posts\/122316\/revisions"}],"predecessor-version":[{"id":122330,"href":"https:\/\/www.sudoestehoje.com.br\/novoportal\/wp-json\/wp\/v2\/posts\/122316\/revisions\/122330"}],"wp:featuredmedia":[{"embeddable":true,"href":"https:\/\/www.sudoestehoje.com.br\/novoportal\/wp-json\/wp\/v2\/media\/122320"}],"wp:attachment":[{"href":"https:\/\/www.sudoestehoje.com.br\/novoportal\/wp-json\/wp\/v2\/media?parent=122316"}],"wp:term":[{"taxonomy":"category","embeddable":true,"href":"https:\/\/www.sudoestehoje.com.br\/novoportal\/wp-json\/wp\/v2\/categories?post=122316"},{"taxonomy":"post_tag","embeddable":true,"href":"https:\/\/www.sudoestehoje.com.br\/novoportal\/wp-json\/wp\/v2\/tags?post=122316"}],"curies":[{"name":"wp","href":"https:\/\/api.w.org\/{rel}","templated":true}]}}