
{"id":122307,"date":"2025-06-19T18:18:32","date_gmt":"2025-06-19T21:18:32","guid":{"rendered":"https:\/\/www.sudoestehoje.com.br\/novoportal\/?p=122307"},"modified":"2025-06-19T18:18:32","modified_gmt":"2025-06-19T21:18:32","slug":"morre-francisco-cuoco-ator-consagrado-da-rede-globo-de-tv","status":"publish","type":"post","link":"https:\/\/www.sudoestehoje.com.br\/novoportal\/2025\/06\/19\/morre-francisco-cuoco-ator-consagrado-da-rede-globo-de-tv\/","title":{"rendered":"MORRE FRANCISCO CUOCO, ATOR CONSAGRADO DA REDE GLOBO DE TV"},"content":{"rendered":"<p><img loading=\"lazy\" decoding=\"async\" class=\"alignnone size-full wp-image-122309\" src=\"https:\/\/www.sudoestehoje.com.br\/novoportal\/wp-content\/uploads\/2025\/06\/francisco-cuoco-globo_widelg.jpg\" alt=\"\" width=\"800\" height=\"450\" \/><\/p>\n<p>Morreu nesta quinta-feira (19), aos 91 anos, o ator Francisco Cuoco. Nome de destaque na televis\u00e3o brasileira \u2014 gal\u00e3 de novelas de sucesso, entre as quais as vers\u00f5es originais de &#8220;Selva de pedra&#8221; (1972) e &#8220;Pecado capital&#8221; (1975) \u2014, o artista enfrentava, nos \u00faltimos anos, problemas de sa\u00fade derivados de uma infec\u00e7\u00e3o nos rins, algo que o deixou com dificuldades de locomo\u00e7\u00e3o. A causa da morte ainda n\u00e3o foi divulgada.<\/p>\n","protected":false},"excerpt":{"rendered":"<p>Morreu nesta quinta-feira (19), aos 91 anos, o ator Francisco Cuoco. Nome de destaque na televis\u00e3o brasileira \u2014 gal\u00e3 de novelas de sucesso, entre as quais as vers\u00f5es originais de &#8220;Selva de pedra&#8221; (1972) e &#8220;Pecado capital&#8221; (1975) \u2014, o artista enfrentava, nos \u00faltimos anos, problemas de sa\u00fade derivados de uma infec\u00e7\u00e3o nos rins, algo [&hellip;]<\/p>\n","protected":false},"author":2,"featured_media":122309,"comment_status":"closed","ping_status":"open","sticky":false,"template":"","format":"standard","meta":{"footnotes":"","_links_to":"","_links_to_target":""},"categories":[1],"tags":[],"class_list":["post-122307","post","type-post","status-publish","format-standard","has-post-thumbnail","hentry","category-geral"],"views":1053,"_links":{"self":[{"href":"https:\/\/www.sudoestehoje.com.br\/novoportal\/wp-json\/wp\/v2\/posts\/122307","targetHints":{"allow":["GET"]}}],"collection":[{"href":"https:\/\/www.sudoestehoje.com.br\/novoportal\/wp-json\/wp\/v2\/posts"}],"about":[{"href":"https:\/\/www.sudoestehoje.com.br\/novoportal\/wp-json\/wp\/v2\/types\/post"}],"author":[{"embeddable":true,"href":"https:\/\/www.sudoestehoje.com.br\/novoportal\/wp-json\/wp\/v2\/users\/2"}],"replies":[{"embeddable":true,"href":"https:\/\/www.sudoestehoje.com.br\/novoportal\/wp-json\/wp\/v2\/comments?post=122307"}],"version-history":[{"count":2,"href":"https:\/\/www.sudoestehoje.com.br\/novoportal\/wp-json\/wp\/v2\/posts\/122307\/revisions"}],"predecessor-version":[{"id":122310,"href":"https:\/\/www.sudoestehoje.com.br\/novoportal\/wp-json\/wp\/v2\/posts\/122307\/revisions\/122310"}],"wp:featuredmedia":[{"embeddable":true,"href":"https:\/\/www.sudoestehoje.com.br\/novoportal\/wp-json\/wp\/v2\/media\/122309"}],"wp:attachment":[{"href":"https:\/\/www.sudoestehoje.com.br\/novoportal\/wp-json\/wp\/v2\/media?parent=122307"}],"wp:term":[{"taxonomy":"category","embeddable":true,"href":"https:\/\/www.sudoestehoje.com.br\/novoportal\/wp-json\/wp\/v2\/categories?post=122307"},{"taxonomy":"post_tag","embeddable":true,"href":"https:\/\/www.sudoestehoje.com.br\/novoportal\/wp-json\/wp\/v2\/tags?post=122307"}],"curies":[{"name":"wp","href":"https:\/\/api.w.org\/{rel}","templated":true}]}}