
{"id":122279,"date":"2025-06-17T11:27:28","date_gmt":"2025-06-17T14:27:28","guid":{"rendered":"https:\/\/www.sudoestehoje.com.br\/novoportal\/?p=122279"},"modified":"2025-06-17T11:30:56","modified_gmt":"2025-06-17T14:30:56","slug":"ponte-do-jequitinhonha-na-br-101-sera-liberada-a-partir-desta-quarta-feira-18","status":"publish","type":"post","link":"https:\/\/www.sudoestehoje.com.br\/novoportal\/2025\/06\/17\/ponte-do-jequitinhonha-na-br-101-sera-liberada-a-partir-desta-quarta-feira-18\/","title":{"rendered":"PONTE DO JEQUITINHONHA NA BR-101 SER\u00c1 LIBERADA A PARTIR DESTA QUARTA-FEIRA (18)"},"content":{"rendered":"<p><img loading=\"lazy\" decoding=\"async\" class=\"alignnone size-full wp-image-122282\" src=\"https:\/\/www.sudoestehoje.com.br\/novoportal\/wp-content\/uploads\/2025\/06\/ponte-br101-foto-dermg-1-1024x634-1.jpg\" alt=\"\" width=\"1024\" height=\"634\" \/><\/p>\n<p>Governo Federal, por meio do Minist\u00e9rio dos Transportes, antecipou para quarta-feira (18) a libera\u00e7\u00e3o parcial da ponte sobre o Rio Jequitinhonha, no km 661,72 da BR-101, em Itapebi (BA). A medida, anunciada nesta segunda-feira (16) pelo ministro dos Transportes, Renan Filho, vale para ve\u00edculos leves e de servi\u00e7os essenciais, e foi articulada com o Governo da Bahia, a Pol\u00edcia Rodovi\u00e1ria Federal (PRF), o Departamento Nacional de Infraestrutura de Transportes (DNIT) e o Minist\u00e9rio da Justi\u00e7a e Seguran\u00e7a P\u00fablica (MJSP) para minimizar os impactos \u00e0 mobilidade durante o per\u00edodo dos festejos juninos.<\/p>\n<p>\u201cIsso vai aliviar bastante a situa\u00e7\u00e3o da popula\u00e7\u00e3o, que precisa circular para trabalhar, estudar, buscar atendimento de sa\u00fade e garantir servi\u00e7os essenciais, como a limpeza urbana, que \u00e9 muito importante naquela regi\u00e3o. Vamos garantir essa reabertura parcial com seguran\u00e7a\u201d, destacou o ministro.<\/p>\n<p>Est\u00e3o autorizados a circular sobre a estrutura:<\/p>\n<p>Carros de passeio<\/p>\n<p>Vans de passageiros<\/p>\n<p>Ambul\u00e2ncias<\/p>\n<p>Viaturas policiais<\/p>\n<p>O tr\u00e1fego de caminh\u00f5es e \u00f4nibus de qualquer natureza permanece proibido. A travessia funcionar\u00e1 em sistema de \u201cPare e Siga\u201d, com monitoramento das for\u00e7as de seguran\u00e7a. O descumprimento das regras implicar\u00e1 multa e reten\u00e7\u00e3o do ve\u00edculo.<\/p>\n<p>O secret\u00e1rio-executivo do Minist\u00e9rio da Justi\u00e7a e Seguran\u00e7a P\u00fablica, Manoel Carlos de Almeida, informou que a PRF atuar\u00e1 com efetivo refor\u00e7ado, inclusive de outros estados, em regime de plant\u00e3o 24 horas. A opera\u00e7\u00e3o ter\u00e1 dura\u00e7\u00e3o inicial de 30 dias, podendo ser prorrogada conforme a necessidade.<\/p>\n<p>Para o governador da Bahia, Jer\u00f4nimo Rodrigues, a atua\u00e7\u00e3o coordenada entre os entes federativos \u00e9 fundamental. \u201c\u00c9 sempre um trabalho de parceria, com uma for\u00e7a refor\u00e7ando a outra, para garantir seguran\u00e7a \u00e0 popula\u00e7\u00e3o\u201d, concluiu.<\/p>\n<p><strong>Tr\u00e1fego parcial<\/strong><\/p>\n<p>O DNIT executou os servi\u00e7os necess\u00e1rios para permitir a reabertura parcial da ponte, como a retirada da camada de asfalto, limpeza da drenagem e defini\u00e7\u00e3o do plano operacional de tr\u00e1fego. A estrutura ser\u00e1 monitorada continuamente pelos 15 dias seguintes \u00e0 libera\u00e7\u00e3o, e uma nova avalia\u00e7\u00e3o t\u00e9cnica ser\u00e1 realizada ao fim desse per\u00edodo para verificar a possibilidade de amplia\u00e7\u00e3o do tr\u00e1fego no local.<\/p>\n<p><img loading=\"lazy\" decoding=\"async\" class=\"alignnone size-full wp-image-121968\" src=\"https:\/\/www.sudoestehoje.com.br\/novoportal\/wp-content\/uploads\/2025\/05\/Imagem-do-WhatsApp-de-2025-05-28-as-16.36.18_c2dda5f0.jpg\" alt=\"\" width=\"1600\" height=\"412\" \/><\/p>\n","protected":false},"excerpt":{"rendered":"<p>Governo Federal, por meio do Minist\u00e9rio dos Transportes, antecipou para quarta-feira (18) a libera\u00e7\u00e3o parcial da ponte sobre o Rio Jequitinhonha, no km 661,72 da BR-101, em Itapebi (BA). A medida, anunciada nesta segunda-feira (16) pelo ministro dos Transportes, Renan Filho, vale para ve\u00edculos leves e de servi\u00e7os essenciais, e foi articulada com o Governo [&hellip;]<\/p>\n","protected":false},"author":2,"featured_media":122282,"comment_status":"closed","ping_status":"open","sticky":false,"template":"","format":"standard","meta":{"footnotes":"","_links_to":"","_links_to_target":""},"categories":[1],"tags":[],"class_list":["post-122279","post","type-post","status-publish","format-standard","has-post-thumbnail","hentry","category-geral"],"views":2307,"_links":{"self":[{"href":"https:\/\/www.sudoestehoje.com.br\/novoportal\/wp-json\/wp\/v2\/posts\/122279","targetHints":{"allow":["GET"]}}],"collection":[{"href":"https:\/\/www.sudoestehoje.com.br\/novoportal\/wp-json\/wp\/v2\/posts"}],"about":[{"href":"https:\/\/www.sudoestehoje.com.br\/novoportal\/wp-json\/wp\/v2\/types\/post"}],"author":[{"embeddable":true,"href":"https:\/\/www.sudoestehoje.com.br\/novoportal\/wp-json\/wp\/v2\/users\/2"}],"replies":[{"embeddable":true,"href":"https:\/\/www.sudoestehoje.com.br\/novoportal\/wp-json\/wp\/v2\/comments?post=122279"}],"version-history":[{"count":4,"href":"https:\/\/www.sudoestehoje.com.br\/novoportal\/wp-json\/wp\/v2\/posts\/122279\/revisions"}],"predecessor-version":[{"id":122285,"href":"https:\/\/www.sudoestehoje.com.br\/novoportal\/wp-json\/wp\/v2\/posts\/122279\/revisions\/122285"}],"wp:featuredmedia":[{"embeddable":true,"href":"https:\/\/www.sudoestehoje.com.br\/novoportal\/wp-json\/wp\/v2\/media\/122282"}],"wp:attachment":[{"href":"https:\/\/www.sudoestehoje.com.br\/novoportal\/wp-json\/wp\/v2\/media?parent=122279"}],"wp:term":[{"taxonomy":"category","embeddable":true,"href":"https:\/\/www.sudoestehoje.com.br\/novoportal\/wp-json\/wp\/v2\/categories?post=122279"},{"taxonomy":"post_tag","embeddable":true,"href":"https:\/\/www.sudoestehoje.com.br\/novoportal\/wp-json\/wp\/v2\/tags?post=122279"}],"curies":[{"name":"wp","href":"https:\/\/api.w.org\/{rel}","templated":true}]}}