
{"id":122247,"date":"2025-06-16T09:57:27","date_gmt":"2025-06-16T12:57:27","guid":{"rendered":"https:\/\/www.sudoestehoje.com.br\/novoportal\/?p=122247"},"modified":"2025-06-16T10:05:53","modified_gmt":"2025-06-16T13:05:53","slug":"clima-tempo-frio-e-chuvoso-na-capital-da-pecuaria-baiana","status":"publish","type":"post","link":"https:\/\/www.sudoestehoje.com.br\/novoportal\/2025\/06\/16\/clima-tempo-frio-e-chuvoso-na-capital-da-pecuaria-baiana\/","title":{"rendered":"CLIMA | TEMPO FRIO E GOSTOSO NA &#8216;CAPITAL DA PECU\u00c1RIA BAIANA&#8217;"},"content":{"rendered":"<p><img loading=\"lazy\" decoding=\"async\" class=\"alignnone size-full wp-image-122250\" src=\"https:\/\/www.sudoestehoje.com.br\/novoportal\/wp-content\/uploads\/2025\/06\/Imagem-do-WhatsApp-de-2025-06-16-as-09.42.01_f5b828f1.jpg\" alt=\"\" width=\"1600\" height=\"901\" \/><\/p>\n<p><em>REDA\u00c7\u00c3O SH<\/em><\/p>\n<p>Nesta segunda que antecede os festejos juninos, o tempo amanheceu chuvoso e frio em Itapetinga e toda a regi\u00e3o Sudoeste do estado.<\/p>\n<p>Com temperaturas variando entre a m\u00e1xima de 24\u00b0C, no decorrer do dia, e a m\u00ednima de 13\u00b0C durante a madrugada, os term\u00f4metros apontam para um final de semana ainda mais frio durante os festejos juninos na &#8216;Capital da Pecu\u00e1ria&#8217; e regi\u00e3o.<\/p>\n<p>Nada que atrapalhe os festejos&#8230;<\/p>\n<p><img loading=\"lazy\" decoding=\"async\" class=\"alignnone size-full wp-image-121973\" src=\"https:\/\/www.sudoestehoje.com.br\/novoportal\/wp-content\/uploads\/2025\/05\/Imagem-do-WhatsApp-de-2025-05-28-as-16.36.18_c2dda5f0-1.jpg\" alt=\"\" width=\"1600\" height=\"412\" \/><\/p>\n","protected":false},"excerpt":{"rendered":"<p>REDA\u00c7\u00c3O SH Nesta segunda que antecede os festejos juninos, o tempo amanheceu chuvoso e frio em Itapetinga e toda a regi\u00e3o Sudoeste do estado. Com temperaturas variando entre a m\u00e1xima de 24\u00b0C, no decorrer do dia, e a m\u00ednima de 13\u00b0C durante a madrugada, os term\u00f4metros apontam para um final de semana ainda mais frio [&hellip;]<\/p>\n","protected":false},"author":2,"featured_media":122250,"comment_status":"closed","ping_status":"open","sticky":false,"template":"","format":"standard","meta":{"footnotes":"","_links_to":"","_links_to_target":""},"categories":[1],"tags":[],"class_list":["post-122247","post","type-post","status-publish","format-standard","has-post-thumbnail","hentry","category-geral"],"views":931,"_links":{"self":[{"href":"https:\/\/www.sudoestehoje.com.br\/novoportal\/wp-json\/wp\/v2\/posts\/122247","targetHints":{"allow":["GET"]}}],"collection":[{"href":"https:\/\/www.sudoestehoje.com.br\/novoportal\/wp-json\/wp\/v2\/posts"}],"about":[{"href":"https:\/\/www.sudoestehoje.com.br\/novoportal\/wp-json\/wp\/v2\/types\/post"}],"author":[{"embeddable":true,"href":"https:\/\/www.sudoestehoje.com.br\/novoportal\/wp-json\/wp\/v2\/users\/2"}],"replies":[{"embeddable":true,"href":"https:\/\/www.sudoestehoje.com.br\/novoportal\/wp-json\/wp\/v2\/comments?post=122247"}],"version-history":[{"count":6,"href":"https:\/\/www.sudoestehoje.com.br\/novoportal\/wp-json\/wp\/v2\/posts\/122247\/revisions"}],"predecessor-version":[{"id":122254,"href":"https:\/\/www.sudoestehoje.com.br\/novoportal\/wp-json\/wp\/v2\/posts\/122247\/revisions\/122254"}],"wp:featuredmedia":[{"embeddable":true,"href":"https:\/\/www.sudoestehoje.com.br\/novoportal\/wp-json\/wp\/v2\/media\/122250"}],"wp:attachment":[{"href":"https:\/\/www.sudoestehoje.com.br\/novoportal\/wp-json\/wp\/v2\/media?parent=122247"}],"wp:term":[{"taxonomy":"category","embeddable":true,"href":"https:\/\/www.sudoestehoje.com.br\/novoportal\/wp-json\/wp\/v2\/categories?post=122247"},{"taxonomy":"post_tag","embeddable":true,"href":"https:\/\/www.sudoestehoje.com.br\/novoportal\/wp-json\/wp\/v2\/tags?post=122247"}],"curies":[{"name":"wp","href":"https:\/\/api.w.org\/{rel}","templated":true}]}}