
{"id":122240,"date":"2025-06-16T08:26:34","date_gmt":"2025-06-16T11:26:34","guid":{"rendered":"https:\/\/www.sudoestehoje.com.br\/novoportal\/?p=122240"},"modified":"2025-06-16T10:07:22","modified_gmt":"2025-06-16T13:07:22","slug":"o-arraia-da-lagoa-esta-te-esperando-para-a-maior-festa-de-sao-joao-da-regiao","status":"publish","type":"post","link":"https:\/\/www.sudoestehoje.com.br\/novoportal\/2025\/06\/16\/o-arraia-da-lagoa-esta-te-esperando-para-a-maior-festa-de-sao-joao-da-regiao\/","title":{"rendered":"O ARRAI\u00c1 DA LAGOA EST\u00c1 TE ESPERANDO PARA A MAIOR FESTA DE S\u00c3O JO\u00c3O DA REGI\u00c3O"},"content":{"rendered":"<p><img loading=\"lazy\" decoding=\"async\" class=\"alignnone size-full wp-image-122243\" src=\"https:\/\/www.sudoestehoje.com.br\/novoportal\/wp-content\/uploads\/2025\/06\/Imagem-do-WhatsApp-de-2025-06-16-as-08.11.49_193e0b37.jpg\" alt=\"\" width=\"1600\" height=\"901\" \/><\/p>\n<p><em>REDA\u00c7\u00c3O SH<\/em><\/p>\n<p>A maior festa de S\u00e3o Jo\u00e3o da regi\u00e3o j\u00e1 vai come\u00e7ar e o Parque da Lagoa est\u00e1 prontinho para te receber.\u00a0Com atra\u00e7\u00f5es de primeira, o forr\u00f3 da Lagoa promete arrasar e ficar para a hist\u00f3ria como uma das maiores festas juninas da hist\u00f3ria de Itapetinga.<\/p>\n<p>T\u00e1 tudo pronto e o clima frio faz parte da mais tradicional festa popular do Nordeste.\u00a0Venha para Itapetinga, que o forr\u00f3 vai ser de lascar&#8230;<\/p>\n<p>Estamos te esperando!<\/p>\n<p><img loading=\"lazy\" decoding=\"async\" class=\"alignnone size-full wp-image-121989\" src=\"https:\/\/www.sudoestehoje.com.br\/novoportal\/wp-content\/uploads\/2025\/05\/sao_joao_ita2025.jpg\" alt=\"\" width=\"1079\" height=\"287\" \/><\/p>\n","protected":false},"excerpt":{"rendered":"<p>REDA\u00c7\u00c3O SH A maior festa de S\u00e3o Jo\u00e3o da regi\u00e3o j\u00e1 vai come\u00e7ar e o Parque da Lagoa est\u00e1 prontinho para te receber.\u00a0Com atra\u00e7\u00f5es de primeira, o forr\u00f3 da Lagoa promete arrasar e ficar para a hist\u00f3ria como uma das maiores festas juninas da hist\u00f3ria de Itapetinga. T\u00e1 tudo pronto e o clima frio faz [&hellip;]<\/p>\n","protected":false},"author":2,"featured_media":122243,"comment_status":"closed","ping_status":"open","sticky":false,"template":"","format":"standard","meta":{"footnotes":"","_links_to":"","_links_to_target":""},"categories":[1],"tags":[],"class_list":["post-122240","post","type-post","status-publish","format-standard","has-post-thumbnail","hentry","category-geral"],"views":993,"_links":{"self":[{"href":"https:\/\/www.sudoestehoje.com.br\/novoportal\/wp-json\/wp\/v2\/posts\/122240","targetHints":{"allow":["GET"]}}],"collection":[{"href":"https:\/\/www.sudoestehoje.com.br\/novoportal\/wp-json\/wp\/v2\/posts"}],"about":[{"href":"https:\/\/www.sudoestehoje.com.br\/novoportal\/wp-json\/wp\/v2\/types\/post"}],"author":[{"embeddable":true,"href":"https:\/\/www.sudoestehoje.com.br\/novoportal\/wp-json\/wp\/v2\/users\/2"}],"replies":[{"embeddable":true,"href":"https:\/\/www.sudoestehoje.com.br\/novoportal\/wp-json\/wp\/v2\/comments?post=122240"}],"version-history":[{"count":6,"href":"https:\/\/www.sudoestehoje.com.br\/novoportal\/wp-json\/wp\/v2\/posts\/122240\/revisions"}],"predecessor-version":[{"id":122255,"href":"https:\/\/www.sudoestehoje.com.br\/novoportal\/wp-json\/wp\/v2\/posts\/122240\/revisions\/122255"}],"wp:featuredmedia":[{"embeddable":true,"href":"https:\/\/www.sudoestehoje.com.br\/novoportal\/wp-json\/wp\/v2\/media\/122243"}],"wp:attachment":[{"href":"https:\/\/www.sudoestehoje.com.br\/novoportal\/wp-json\/wp\/v2\/media?parent=122240"}],"wp:term":[{"taxonomy":"category","embeddable":true,"href":"https:\/\/www.sudoestehoje.com.br\/novoportal\/wp-json\/wp\/v2\/categories?post=122240"},{"taxonomy":"post_tag","embeddable":true,"href":"https:\/\/www.sudoestehoje.com.br\/novoportal\/wp-json\/wp\/v2\/tags?post=122240"}],"curies":[{"name":"wp","href":"https:\/\/api.w.org\/{rel}","templated":true}]}}