
{"id":122234,"date":"2025-06-15T18:23:55","date_gmt":"2025-06-15T21:23:55","guid":{"rendered":"https:\/\/www.sudoestehoje.com.br\/novoportal\/?p=122234"},"modified":"2025-06-15T18:26:28","modified_gmt":"2025-06-15T21:26:28","slug":"stf-retira-poder-das-camaras-municipais-de-julgar-contas-de-prefeitos-e-transfere-competencia-aos-tribunais-de-contas","status":"publish","type":"post","link":"https:\/\/www.sudoestehoje.com.br\/novoportal\/2025\/06\/15\/stf-retira-poder-das-camaras-municipais-de-julgar-contas-de-prefeitos-e-transfere-competencia-aos-tribunais-de-contas\/","title":{"rendered":"STF RETIRA PODER DAS C\u00c2MARAS MUNICIPAIS DE JULGAR CONTAS DE PREFEITOS E TRANSFERE COMPET\u00caNCIA AOS TRIBUNAIS DE CONTAS"},"content":{"rendered":"<p><img loading=\"lazy\" decoding=\"async\" class=\"alignnone wp-image-122237\" src=\"https:\/\/www.sudoestehoje.com.br\/novoportal\/wp-content\/uploads\/2025\/06\/stf-to-1-696x464-1.jpg\" alt=\"\" width=\"561\" height=\"374\" \/><\/p>\n<p>O Supremo Tribunal Federal (STF) decidiu, em julgamento realizado no in\u00edcio de junho de 2025, que as C\u00e2maras Municipais n\u00e3o t\u00eam mais poder para aprovar ou rejeitar contas de prefeitos com base em crit\u00e9rios pol\u00edticos. A decis\u00e3o hist\u00f3rica muda regras que estavam em vigor h\u00e1 d\u00e9cadas e vale para todos os munic\u00edpios do pa\u00eds, incluindo Brasileira-PI.<\/p>\n<p>O que foi decidido?<\/p>\n<p>Com repercuss\u00e3o geral \u2014 ou seja, com efeito para todo o Brasil \u2014, o STF julgou procedente a A\u00e7\u00e3o Direta de Inconstitucionalidade (ADI 849) e determinou que o parecer dos Tribunais de Contas sobre as contas dos prefeitos passa a ter for\u00e7a vinculante. Isso significa que:<\/p>\n<p>\u2022 Se o Tribunal de Contas aprovar as contas, a C\u00e2mara Municipal n\u00e3o pode mais rejeit\u00e1-las.<\/p>\n<p>\u2022 Se o Tribunal de Contas rejeitar as contas, a C\u00e2mara n\u00e3o pode mais aprov\u00e1-las por decis\u00e3o pol\u00edtica.<\/p>\n<p>Por que isso muda tudo?<\/p>\n<p>Antes dessa decis\u00e3o, o Tribunal de Contas apenas emitia um parecer t\u00e9cnico sobre as contas dos prefeitos, mas cabia aos vereadores o poder final de aprovar ou rejeitar. Na pr\u00e1tica, muitos julgamentos eram influenciados por acordos pol\u00edticos ou disputas locais, o que gerava instabilidade jur\u00eddica e enfraquecia o papel t\u00e9cnico da fiscaliza\u00e7\u00e3o.<\/p>\n<p>Agora, com o novo entendimento, o STF busca fortalecer os crit\u00e9rios t\u00e9cnicos, a transpar\u00eancia e a responsabilidade fiscal, evitando distor\u00e7\u00f5es pol\u00edticas no processo.<\/p>\n<p><img loading=\"lazy\" decoding=\"async\" class=\"alignnone size-full wp-image-122007\" src=\"https:\/\/www.sudoestehoje.com.br\/novoportal\/wp-content\/uploads\/2025\/05\/atakarejo-05-25.jpg\" alt=\"\" width=\"728\" height=\"90\" \/><\/p>\n","protected":false},"excerpt":{"rendered":"<p>O Supremo Tribunal Federal (STF) decidiu, em julgamento realizado no in\u00edcio de junho de 2025, que as C\u00e2maras Municipais n\u00e3o t\u00eam mais poder para aprovar ou rejeitar contas de prefeitos com base em crit\u00e9rios pol\u00edticos. A decis\u00e3o hist\u00f3rica muda regras que estavam em vigor h\u00e1 d\u00e9cadas e vale para todos os munic\u00edpios do pa\u00eds, incluindo [&hellip;]<\/p>\n","protected":false},"author":2,"featured_media":122237,"comment_status":"closed","ping_status":"open","sticky":false,"template":"","format":"standard","meta":{"footnotes":"","_links_to":"","_links_to_target":""},"categories":[1],"tags":[],"class_list":["post-122234","post","type-post","status-publish","format-standard","has-post-thumbnail","hentry","category-geral"],"views":1748,"_links":{"self":[{"href":"https:\/\/www.sudoestehoje.com.br\/novoportal\/wp-json\/wp\/v2\/posts\/122234","targetHints":{"allow":["GET"]}}],"collection":[{"href":"https:\/\/www.sudoestehoje.com.br\/novoportal\/wp-json\/wp\/v2\/posts"}],"about":[{"href":"https:\/\/www.sudoestehoje.com.br\/novoportal\/wp-json\/wp\/v2\/types\/post"}],"author":[{"embeddable":true,"href":"https:\/\/www.sudoestehoje.com.br\/novoportal\/wp-json\/wp\/v2\/users\/2"}],"replies":[{"embeddable":true,"href":"https:\/\/www.sudoestehoje.com.br\/novoportal\/wp-json\/wp\/v2\/comments?post=122234"}],"version-history":[{"count":4,"href":"https:\/\/www.sudoestehoje.com.br\/novoportal\/wp-json\/wp\/v2\/posts\/122234\/revisions"}],"predecessor-version":[{"id":122239,"href":"https:\/\/www.sudoestehoje.com.br\/novoportal\/wp-json\/wp\/v2\/posts\/122234\/revisions\/122239"}],"wp:featuredmedia":[{"embeddable":true,"href":"https:\/\/www.sudoestehoje.com.br\/novoportal\/wp-json\/wp\/v2\/media\/122237"}],"wp:attachment":[{"href":"https:\/\/www.sudoestehoje.com.br\/novoportal\/wp-json\/wp\/v2\/media?parent=122234"}],"wp:term":[{"taxonomy":"category","embeddable":true,"href":"https:\/\/www.sudoestehoje.com.br\/novoportal\/wp-json\/wp\/v2\/categories?post=122234"},{"taxonomy":"post_tag","embeddable":true,"href":"https:\/\/www.sudoestehoje.com.br\/novoportal\/wp-json\/wp\/v2\/tags?post=122234"}],"curies":[{"name":"wp","href":"https:\/\/api.w.org\/{rel}","templated":true}]}}