
{"id":122217,"date":"2025-06-13T10:31:59","date_gmt":"2025-06-13T13:31:59","guid":{"rendered":"https:\/\/www.sudoestehoje.com.br\/novoportal\/?p=122217"},"modified":"2025-06-13T10:48:35","modified_gmt":"2025-06-13T13:48:35","slug":"bahia-goleia-o-bragantino-em-sao-paulo-e-assume-o-5o-lugar-no-brasileirao","status":"publish","type":"post","link":"https:\/\/www.sudoestehoje.com.br\/novoportal\/2025\/06\/13\/bahia-goleia-o-bragantino-em-sao-paulo-e-assume-o-5o-lugar-no-brasileirao\/","title":{"rendered":"BAHIA GOLEIA O BRAGANTINO EM S\u00c3O PAULO E ASSUME O 5\u00ba LUGAR NO BRASILEIR\u00c3O"},"content":{"rendered":"<p><img loading=\"lazy\" decoding=\"async\" class=\"alignnone size-full wp-image-122219\" src=\"https:\/\/www.sudoestehoje.com.br\/novoportal\/wp-content\/uploads\/2025\/06\/WhatsApp-Image-2025-06-12-at-21.08.21-570x321-1.jpeg\" alt=\"\" width=\"570\" height=\"321\" \/><\/p>\n<p>O Bahia venceu o Bragantino por 3\u00d70 na noite desta quinta-feira (12), pela 12\u00aa rodada do Campeonato Brasileiro, em partida disputada no est\u00e1dio C\u00edcero de Souza Marques. Os gols do Esquadr\u00e3o foram marcados por Luciano Juba, Michel Ara\u00fajo e Guilherme Lopes (contra).<\/p>\n<p>Com o resultado, o time comandado por Rog\u00e9rio Ceni chega embalado para a pausa no calend\u00e1rio devido \u00e0 realiza\u00e7\u00e3o da Copa do Mundo de Clubes. O Bahia volta a campo no in\u00edcio de julho, quando enfrentar\u00e1 o Fortaleza, pela Copa do Nordeste, na Arena Fonte Nova.<\/p>\n<p>O tricolor baiano segue firme na briga pelas primeiras posi\u00e7\u00f5es da tabela\u00a0 (5\u00ba) e demonstra solidez defensiva e efici\u00eancia no ataque, mantendo o bom momento na temporada.<\/p>\n<p><img loading=\"lazy\" decoding=\"async\" class=\"alignnone  wp-image-122226\" src=\"https:\/\/www.sudoestehoje.com.br\/novoportal\/wp-content\/uploads\/2025\/06\/Imagem-do-WhatsApp-de-2025-06-12-as-17.00.21_f83d4fb9.jpg\" alt=\"\" width=\"583\" height=\"731\" \/><\/p>\n","protected":false},"excerpt":{"rendered":"<p>O Bahia venceu o Bragantino por 3\u00d70 na noite desta quinta-feira (12), pela 12\u00aa rodada do Campeonato Brasileiro, em partida disputada no est\u00e1dio C\u00edcero de Souza Marques. Os gols do Esquadr\u00e3o foram marcados por Luciano Juba, Michel Ara\u00fajo e Guilherme Lopes (contra). Com o resultado, o time comandado por Rog\u00e9rio Ceni chega embalado para a [&hellip;]<\/p>\n","protected":false},"author":2,"featured_media":122219,"comment_status":"closed","ping_status":"open","sticky":false,"template":"","format":"standard","meta":{"footnotes":"","_links_to":"","_links_to_target":""},"categories":[1],"tags":[],"class_list":["post-122217","post","type-post","status-publish","format-standard","has-post-thumbnail","hentry","category-geral"],"views":429,"_links":{"self":[{"href":"https:\/\/www.sudoestehoje.com.br\/novoportal\/wp-json\/wp\/v2\/posts\/122217","targetHints":{"allow":["GET"]}}],"collection":[{"href":"https:\/\/www.sudoestehoje.com.br\/novoportal\/wp-json\/wp\/v2\/posts"}],"about":[{"href":"https:\/\/www.sudoestehoje.com.br\/novoportal\/wp-json\/wp\/v2\/types\/post"}],"author":[{"embeddable":true,"href":"https:\/\/www.sudoestehoje.com.br\/novoportal\/wp-json\/wp\/v2\/users\/2"}],"replies":[{"embeddable":true,"href":"https:\/\/www.sudoestehoje.com.br\/novoportal\/wp-json\/wp\/v2\/comments?post=122217"}],"version-history":[{"count":5,"href":"https:\/\/www.sudoestehoje.com.br\/novoportal\/wp-json\/wp\/v2\/posts\/122217\/revisions"}],"predecessor-version":[{"id":122227,"href":"https:\/\/www.sudoestehoje.com.br\/novoportal\/wp-json\/wp\/v2\/posts\/122217\/revisions\/122227"}],"wp:featuredmedia":[{"embeddable":true,"href":"https:\/\/www.sudoestehoje.com.br\/novoportal\/wp-json\/wp\/v2\/media\/122219"}],"wp:attachment":[{"href":"https:\/\/www.sudoestehoje.com.br\/novoportal\/wp-json\/wp\/v2\/media?parent=122217"}],"wp:term":[{"taxonomy":"category","embeddable":true,"href":"https:\/\/www.sudoestehoje.com.br\/novoportal\/wp-json\/wp\/v2\/categories?post=122217"},{"taxonomy":"post_tag","embeddable":true,"href":"https:\/\/www.sudoestehoje.com.br\/novoportal\/wp-json\/wp\/v2\/tags?post=122217"}],"curies":[{"name":"wp","href":"https:\/\/api.w.org\/{rel}","templated":true}]}}