
{"id":122209,"date":"2025-06-12T17:26:53","date_gmt":"2025-06-12T20:26:53","guid":{"rendered":"https:\/\/www.sudoestehoje.com.br\/novoportal\/?p=122209"},"modified":"2025-06-12T17:26:53","modified_gmt":"2025-06-12T20:26:53","slug":"luto-sudoeste-morre-em-conquista-o-cantor-e-compositor-evandro-correia","status":"publish","type":"post","link":"https:\/\/www.sudoestehoje.com.br\/novoportal\/2025\/06\/12\/luto-sudoeste-morre-em-conquista-o-cantor-e-compositor-evandro-correia\/","title":{"rendered":"LUTO SUDOESTE | MORRE EM CONQUISTA O CANTOR E COMPOSITOR EVANDRO CORREIA"},"content":{"rendered":"<p data-start=\"81\" data-end=\"373\"><img loading=\"lazy\" decoding=\"async\" class=\"alignnone size-full wp-image-122210\" src=\"https:\/\/www.sudoestehoje.com.br\/novoportal\/wp-content\/uploads\/2025\/06\/Natal-15-12-2023-36-473x315-1.jpg\" alt=\"\" width=\"473\" height=\"315\" \/><\/p>\n<p data-start=\"81\" data-end=\"373\">\u00c9 com profundo pesar que a cena cultural de Vit\u00f3ria da Conquista anuncia o falecimento de Evandro Correia, talentoso cantor e compositor que marcou a m\u00fasica da cidade e regi\u00e3o. Conhecido por sua voz marcante e letras que retratavam o cotidiano, Evandro deixa um legado de emo\u00e7\u00e3o e inspira\u00e7\u00e3o.<\/p>\n<p data-start=\"375\" data-end=\"620\">Ele ganhou reconhecimento local por suas apresenta\u00e7\u00f5es em bares, eventos comunit\u00e1rios e festivais regionais. Sua m\u00fasica refletia as ra\u00edzes baianas e a for\u00e7a do interior, conquistando o carinho de f\u00e3s de diferentes gera\u00e7\u00f5es.<\/p>\n<p data-start=\"622\" data-end=\"897\">Al\u00e9m de artista, Evandro era ativo na forma\u00e7\u00e3o de novos talentos, sempre disposto a ajudar m\u00fasicos iniciantes. Amigos e colegas de profiss\u00e3o destacam sua simplicidade, generosidade e paix\u00e3o pela arte, caracter\u00edsticas que tornaram sua perda ainda mais sentida pela comunidade.<\/p>\n<p data-start=\"899\" data-end=\"1115\">N\u00e3o h\u00e1 informa\u00e7\u00f5es sobre a causa de seu falecimento, nem detalhes sobre vel\u00f3rio e sepultamento at\u00e9 o momento. Familiares e parceiros art\u00edsticos devem divulgar em breve as cerim\u00f4nias e homenagens que ser\u00e3o realizadas.<\/p>\n<p data-start=\"1117\" data-end=\"1360\" data-is-last-node=\"\" data-is-only-node=\"\">A tristeza que envolve Vit\u00f3ria da Conquista reflete o valor de Evandro Correia para a cidade. Seu trabalho continuar\u00e1 vivo nas can\u00e7\u00f5es que eternizam seu talento, e a cultura local lamenta hoje a despedida de um dos seus grandes representantes. \/\/Blog do Rodrigo Ferraz<\/p>\n","protected":false},"excerpt":{"rendered":"<p>\u00c9 com profundo pesar que a cena cultural de Vit\u00f3ria da Conquista anuncia o falecimento de Evandro Correia, talentoso cantor e compositor que marcou a m\u00fasica da cidade e regi\u00e3o. Conhecido por sua voz marcante e letras que retratavam o cotidiano, Evandro deixa um legado de emo\u00e7\u00e3o e inspira\u00e7\u00e3o. Ele ganhou reconhecimento local por suas [&hellip;]<\/p>\n","protected":false},"author":2,"featured_media":122210,"comment_status":"closed","ping_status":"open","sticky":false,"template":"","format":"standard","meta":{"footnotes":"","_links_to":"","_links_to_target":""},"categories":[1],"tags":[],"class_list":["post-122209","post","type-post","status-publish","format-standard","has-post-thumbnail","hentry","category-geral"],"views":1120,"_links":{"self":[{"href":"https:\/\/www.sudoestehoje.com.br\/novoportal\/wp-json\/wp\/v2\/posts\/122209","targetHints":{"allow":["GET"]}}],"collection":[{"href":"https:\/\/www.sudoestehoje.com.br\/novoportal\/wp-json\/wp\/v2\/posts"}],"about":[{"href":"https:\/\/www.sudoestehoje.com.br\/novoportal\/wp-json\/wp\/v2\/types\/post"}],"author":[{"embeddable":true,"href":"https:\/\/www.sudoestehoje.com.br\/novoportal\/wp-json\/wp\/v2\/users\/2"}],"replies":[{"embeddable":true,"href":"https:\/\/www.sudoestehoje.com.br\/novoportal\/wp-json\/wp\/v2\/comments?post=122209"}],"version-history":[{"count":1,"href":"https:\/\/www.sudoestehoje.com.br\/novoportal\/wp-json\/wp\/v2\/posts\/122209\/revisions"}],"predecessor-version":[{"id":122211,"href":"https:\/\/www.sudoestehoje.com.br\/novoportal\/wp-json\/wp\/v2\/posts\/122209\/revisions\/122211"}],"wp:featuredmedia":[{"embeddable":true,"href":"https:\/\/www.sudoestehoje.com.br\/novoportal\/wp-json\/wp\/v2\/media\/122210"}],"wp:attachment":[{"href":"https:\/\/www.sudoestehoje.com.br\/novoportal\/wp-json\/wp\/v2\/media?parent=122209"}],"wp:term":[{"taxonomy":"category","embeddable":true,"href":"https:\/\/www.sudoestehoje.com.br\/novoportal\/wp-json\/wp\/v2\/categories?post=122209"},{"taxonomy":"post_tag","embeddable":true,"href":"https:\/\/www.sudoestehoje.com.br\/novoportal\/wp-json\/wp\/v2\/tags?post=122209"}],"curies":[{"name":"wp","href":"https:\/\/api.w.org\/{rel}","templated":true}]}}