
{"id":122173,"date":"2025-06-10T17:58:18","date_gmt":"2025-06-10T20:58:18","guid":{"rendered":"https:\/\/www.sudoestehoje.com.br\/novoportal\/?p=122173"},"modified":"2025-06-10T18:40:10","modified_gmt":"2025-06-10T21:40:10","slug":"cristina-kirchner-tem-prisao-decretada-pela-suprema-corte-da-argentina-por-corrupcao","status":"publish","type":"post","link":"https:\/\/www.sudoestehoje.com.br\/novoportal\/2025\/06\/10\/cristina-kirchner-tem-prisao-decretada-pela-suprema-corte-da-argentina-por-corrupcao\/","title":{"rendered":"CRISTINA KIRCHNER TEM PRIS\u00c3O DECRETADA PELA SUPREMA CORTE DA ARGENTINA, POR CORRUP\u00c7\u00c3O"},"content":{"rendered":"<p><img loading=\"lazy\" decoding=\"async\" class=\"alignnone wp-image-122174\" src=\"https:\/\/www.sudoestehoje.com.br\/novoportal\/wp-content\/uploads\/2025\/06\/Imagem-do-WhatsApp-de-2025-06-10-as-17.49.16_f86f63ae.jpg\" alt=\"\" width=\"560\" height=\"453\" \/><\/p>\n<p>A ex-presidente da Argentina, Cristina Kirchner, teve sua pris\u00e3o determinada nesta ter\u00e7a (10) pela Suprema Corte do pa\u00eds, ap\u00f3s os ju\u00edzes rejeitarem o \u00faltimo recurso apresentado por sua defesa contra uma condena\u00e7\u00e3o por corrup\u00e7\u00e3o. A decis\u00e3o abre caminho para que Cristina seja presa a qualquer momento.<\/p>\n<p>A senten\u00e7a de seis anos de pris\u00e3o j\u00e1 havia sido ratificada por tribunais inferiores, mas a ex-mandat\u00e1ria vinha aguardando em liberdade enquanto a Corte analisava a apela\u00e7\u00e3o. Com a rejei\u00e7\u00e3o definitiva, ela tamb\u00e9m perde o direito de disputar cargos p\u00fablicos, tornando-se ineleg\u00edvel.<\/p>\n<p>Figura central do peronismo nas \u00faltimas duas d\u00e9cadas, Cristina governou a Argentina entre 2007 e 2015 e voltou \u00e0 cena pol\u00edtica como vice-presidente entre 2019 e 2023, durante o governo de Alberto Fern\u00e1ndez.<\/p>\n<p>Com mais de 70 anos, a ex-presidente ainda pode solicitar que a pena seja cumprida em regime domiciliar, alternativa prevista pela legisla\u00e7\u00e3o argentina para idosos.A ex-presidente da Argentina, Cristina Kirchner, teve sua pris\u00e3o determinada nesta ter\u00e7a (10) pela Suprema Corte do pa\u00eds, ap\u00f3s os ju\u00edzes rejeitarem o \u00faltimo recurso apresentado por sua defesa contra uma condena\u00e7\u00e3o por corrup\u00e7\u00e3o. A decis\u00e3o abre caminho para que Cristina seja presa a qualquer momento.<\/p>\n<p>A senten\u00e7a de seis anos de pris\u00e3o j\u00e1 havia sido ratificada por tribunais inferiores, mas a ex-mandat\u00e1ria vinha aguardando em liberdade enquanto a Corte analisava a apela\u00e7\u00e3o. Com a rejei\u00e7\u00e3o definitiva, ela tamb\u00e9m perde o direito de disputar cargos p\u00fablicos, tornando-se ineleg\u00edvel.<\/p>\n<p>Figura central do peronismo nas \u00faltimas duas d\u00e9cadas, Cristina governou a Argentina entre 2007 e 2015 e voltou \u00e0 cena pol\u00edtica como vice-presidente entre 2019 e 2023, durante o governo de Alberto Fern\u00e1ndez.<\/p>\n<p>Com mais de 70 anos, a ex-presidente ainda pode solicitar que a pena seja cumprida em regime domiciliar, alternativa prevista pela legisla\u00e7\u00e3o argentina para idosos.<img loading=\"lazy\" decoding=\"async\" class=\"alignnone size-full wp-image-121989\" src=\"https:\/\/www.sudoestehoje.com.br\/novoportal\/wp-content\/uploads\/2025\/05\/sao_joao_ita2025.jpg\" alt=\"\" width=\"1079\" height=\"287\" \/><\/p>\n","protected":false},"excerpt":{"rendered":"<p>A ex-presidente da Argentina, Cristina Kirchner, teve sua pris\u00e3o determinada nesta ter\u00e7a (10) pela Suprema Corte do pa\u00eds, ap\u00f3s os ju\u00edzes rejeitarem o \u00faltimo recurso apresentado por sua defesa contra uma condena\u00e7\u00e3o por corrup\u00e7\u00e3o. A decis\u00e3o abre caminho para que Cristina seja presa a qualquer momento. A senten\u00e7a de seis anos de pris\u00e3o j\u00e1 havia [&hellip;]<\/p>\n","protected":false},"author":2,"featured_media":122174,"comment_status":"closed","ping_status":"open","sticky":false,"template":"","format":"standard","meta":{"footnotes":"","_links_to":"","_links_to_target":""},"categories":[1],"tags":[],"class_list":["post-122173","post","type-post","status-publish","format-standard","has-post-thumbnail","hentry","category-geral"],"views":668,"_links":{"self":[{"href":"https:\/\/www.sudoestehoje.com.br\/novoportal\/wp-json\/wp\/v2\/posts\/122173","targetHints":{"allow":["GET"]}}],"collection":[{"href":"https:\/\/www.sudoestehoje.com.br\/novoportal\/wp-json\/wp\/v2\/posts"}],"about":[{"href":"https:\/\/www.sudoestehoje.com.br\/novoportal\/wp-json\/wp\/v2\/types\/post"}],"author":[{"embeddable":true,"href":"https:\/\/www.sudoestehoje.com.br\/novoportal\/wp-json\/wp\/v2\/users\/2"}],"replies":[{"embeddable":true,"href":"https:\/\/www.sudoestehoje.com.br\/novoportal\/wp-json\/wp\/v2\/comments?post=122173"}],"version-history":[{"count":3,"href":"https:\/\/www.sudoestehoje.com.br\/novoportal\/wp-json\/wp\/v2\/posts\/122173\/revisions"}],"predecessor-version":[{"id":122187,"href":"https:\/\/www.sudoestehoje.com.br\/novoportal\/wp-json\/wp\/v2\/posts\/122173\/revisions\/122187"}],"wp:featuredmedia":[{"embeddable":true,"href":"https:\/\/www.sudoestehoje.com.br\/novoportal\/wp-json\/wp\/v2\/media\/122174"}],"wp:attachment":[{"href":"https:\/\/www.sudoestehoje.com.br\/novoportal\/wp-json\/wp\/v2\/media?parent=122173"}],"wp:term":[{"taxonomy":"category","embeddable":true,"href":"https:\/\/www.sudoestehoje.com.br\/novoportal\/wp-json\/wp\/v2\/categories?post=122173"},{"taxonomy":"post_tag","embeddable":true,"href":"https:\/\/www.sudoestehoje.com.br\/novoportal\/wp-json\/wp\/v2\/tags?post=122173"}],"curies":[{"name":"wp","href":"https:\/\/api.w.org\/{rel}","templated":true}]}}