
{"id":122158,"date":"2025-06-10T10:54:51","date_gmt":"2025-06-10T13:54:51","guid":{"rendered":"https:\/\/www.sudoestehoje.com.br\/novoportal\/?p=122158"},"modified":"2025-06-10T10:59:52","modified_gmt":"2025-06-10T13:59:52","slug":"pontos-facultativos-de-sao-joao-sao-decretados-pelo-prefeito-eduardo-hagge","status":"publish","type":"post","link":"https:\/\/www.sudoestehoje.com.br\/novoportal\/2025\/06\/10\/pontos-facultativos-de-sao-joao-sao-decretados-pelo-prefeito-eduardo-hagge\/","title":{"rendered":"PONTOS FACULTATIVOS DE S\u00c3O JO\u00c3O S\u00c3O DECRETADOS PELO PREFEITO EDUARDO HAGGE"},"content":{"rendered":"<div id=\"attachment_122160\" style=\"width: 578px\" class=\"wp-caption alignnone\"><img loading=\"lazy\" decoding=\"async\" aria-describedby=\"caption-attachment-122160\" class=\" wp-image-122160\" src=\"https:\/\/www.sudoestehoje.com.br\/novoportal\/wp-content\/uploads\/2025\/06\/RTEmagicC_Itapetinga_Sao_Joao_2013_560x360.jpg.jpg\" alt=\"\" width=\"568\" height=\"365\" \/><p id=\"caption-attachment-122160\" class=\"wp-caption-text\"><em>IMAGEM ARQUIVO SUDOESTE HOJE<\/em><\/p><\/div>\n<p>Em decorr\u00eancia dos festejos juninos no munic\u00edpio, entre os dias 20 e 23 de junho, o prefeito Eduardo Hagge estabeleceu pontos facultativos nos dias<strong> 19 (Corpus Christi) e 23 de junho de 2025<\/strong>, v\u00e9spera do feriado municipal de S\u00e3o Jo\u00e3o.<\/p>\n<p>Na sexta-feira (20), os servi\u00e7os p\u00fablicos municipais funcionar\u00e3o normalmente at\u00e9 o meio dia, segundo a secretaria de administra\u00e7\u00e3o.<\/p>\n<p>Durante os dias abrangidos pelos decretos municipais, os servi\u00e7os essenciais do munic\u00edpio n\u00e3o sofrer\u00e3o solu\u00e7\u00e3o de continuidade.<\/p>\n<p>Reda\u00e7\u00e3o SH<\/p>\n<p><img loading=\"lazy\" decoding=\"async\" class=\"alignnone size-full wp-image-121989\" src=\"https:\/\/www.sudoestehoje.com.br\/novoportal\/wp-content\/uploads\/2025\/05\/sao_joao_ita2025.jpg\" alt=\"\" width=\"1079\" height=\"287\" \/><\/p>\n","protected":false},"excerpt":{"rendered":"<p>Em decorr\u00eancia dos festejos juninos no munic\u00edpio, entre os dias 20 e 23 de junho, o prefeito Eduardo Hagge estabeleceu pontos facultativos nos dias 19 (Corpus Christi) e 23 de junho de 2025, v\u00e9spera do feriado municipal de S\u00e3o Jo\u00e3o. Na sexta-feira (20), os servi\u00e7os p\u00fablicos municipais funcionar\u00e3o normalmente at\u00e9 o meio dia, segundo a [&hellip;]<\/p>\n","protected":false},"author":2,"featured_media":122160,"comment_status":"closed","ping_status":"open","sticky":false,"template":"","format":"standard","meta":{"footnotes":"","_links_to":"","_links_to_target":""},"categories":[1],"tags":[],"class_list":["post-122158","post","type-post","status-publish","format-standard","has-post-thumbnail","hentry","category-geral"],"views":1647,"_links":{"self":[{"href":"https:\/\/www.sudoestehoje.com.br\/novoportal\/wp-json\/wp\/v2\/posts\/122158","targetHints":{"allow":["GET"]}}],"collection":[{"href":"https:\/\/www.sudoestehoje.com.br\/novoportal\/wp-json\/wp\/v2\/posts"}],"about":[{"href":"https:\/\/www.sudoestehoje.com.br\/novoportal\/wp-json\/wp\/v2\/types\/post"}],"author":[{"embeddable":true,"href":"https:\/\/www.sudoestehoje.com.br\/novoportal\/wp-json\/wp\/v2\/users\/2"}],"replies":[{"embeddable":true,"href":"https:\/\/www.sudoestehoje.com.br\/novoportal\/wp-json\/wp\/v2\/comments?post=122158"}],"version-history":[{"count":6,"href":"https:\/\/www.sudoestehoje.com.br\/novoportal\/wp-json\/wp\/v2\/posts\/122158\/revisions"}],"predecessor-version":[{"id":122165,"href":"https:\/\/www.sudoestehoje.com.br\/novoportal\/wp-json\/wp\/v2\/posts\/122158\/revisions\/122165"}],"wp:featuredmedia":[{"embeddable":true,"href":"https:\/\/www.sudoestehoje.com.br\/novoportal\/wp-json\/wp\/v2\/media\/122160"}],"wp:attachment":[{"href":"https:\/\/www.sudoestehoje.com.br\/novoportal\/wp-json\/wp\/v2\/media?parent=122158"}],"wp:term":[{"taxonomy":"category","embeddable":true,"href":"https:\/\/www.sudoestehoje.com.br\/novoportal\/wp-json\/wp\/v2\/categories?post=122158"},{"taxonomy":"post_tag","embeddable":true,"href":"https:\/\/www.sudoestehoje.com.br\/novoportal\/wp-json\/wp\/v2\/tags?post=122158"}],"curies":[{"name":"wp","href":"https:\/\/api.w.org\/{rel}","templated":true}]}}