
{"id":122146,"date":"2025-06-09T09:32:31","date_gmt":"2025-06-09T12:32:31","guid":{"rendered":"https:\/\/www.sudoestehoje.com.br\/novoportal\/?p=122146"},"modified":"2025-06-09T10:02:12","modified_gmt":"2025-06-09T13:02:12","slug":"secretaria-do-meio-ambiente-instala-aeradores-no-espelho-dagua-da-lagoa","status":"publish","type":"post","link":"https:\/\/www.sudoestehoje.com.br\/novoportal\/2025\/06\/09\/secretaria-do-meio-ambiente-instala-aeradores-no-espelho-dagua-da-lagoa\/","title":{"rendered":"SECRETARIA DO MEIO AMBIENTE INSTALA AERADORES NO ESPELHO D&#8217;\u00c1GUA DA LAGOA"},"content":{"rendered":"<p><img loading=\"lazy\" decoding=\"async\" class=\"alignnone wp-image-122150\" src=\"https:\/\/www.sudoestehoje.com.br\/novoportal\/wp-content\/uploads\/2025\/06\/Imagem-do-WhatsApp-de-2025-06-09-as-09.25.33_d19e0dd9.jpg\" alt=\"\" width=\"560\" height=\"315\" \/><\/p>\n<p>Neste per\u00edodo que antecede a grande festa de S\u00e3o Jo\u00e3o em Itapetinga, o Parque da Lagoa vem passando por uma manuten\u00e7\u00e3o caprichada, incluindo a instala\u00e7\u00e3o de &#8216;aeradores&#8217;, dispositivos que adicionam oxig\u00eanio \u00e0 \u00e1gua, com o objetivo de melhorar a sua qualidade.<\/p>\n<p>Em conversa informal com o secret\u00e1rio Cristian Gomes, do Meio Ambiente, que desca\u00e7ou a import\u00e2ncia dos aeradores no espelho d&#8217;\u00e1gua do lago, como forma de evitar o saturamento da \u00e1gua e prolifera\u00e7\u00e3o de algas.<\/p>\n<p>Cristian tamb\u00e9m informou que o local dever\u00e1 ser objeto de dragagem, uma vez que bancos de areia j\u00e1 teriam sido detectados, em fun\u00e7\u00e3o da eros\u00e3o.<\/p>\n<p>LAGOA EST\u00c1 BEM TRATADA<\/p>\n<p><img loading=\"lazy\" decoding=\"async\" class=\"alignnone wp-image-122148\" src=\"https:\/\/www.sudoestehoje.com.br\/novoportal\/wp-content\/uploads\/2025\/06\/Imagem-do-WhatsApp-de-2025-06-09-as-09.26.09_f91b7a8b.jpg\" alt=\"\" width=\"560\" height=\"315\" \/><\/p>\n<p>Um dos destaques do Parque Poliesportivo da Lagoa, \u00e9 o zelo e rigor na sua manuten\u00e7\u00e3o pela Secretaria do Meio Ambiente.\u00a0Cortes de grama, podas e irriga\u00e7\u00e3o s\u00e3o constantes, dando ao local um aspecto agrad\u00e1vel e inigual\u00e1vel em toda a Bahia.<\/p>\n<p>A conserva\u00e7\u00e3o tamb\u00e9m abrange a infraestrutura do parque, incluindo passarelas, banheiros, pistas de caminhada e ciclismo, quadras e demais equipamentos, pela Secretaria da Infraestrutura, em parceria com o Meio Ambiente.<\/p>\n<p>Os patinhos e os peixes no Pier, fazem a alegria de crian\u00e7as e adultos.<\/p>\n<p>Por Davi Ferraz<\/p>\n<p><img loading=\"lazy\" decoding=\"async\" class=\"alignnone size-full wp-image-121973\" src=\"https:\/\/www.sudoestehoje.com.br\/novoportal\/wp-content\/uploads\/2025\/05\/Imagem-do-WhatsApp-de-2025-05-28-as-16.36.18_c2dda5f0-1.jpg\" alt=\"\" width=\"1600\" height=\"412\" \/><\/p>\n","protected":false},"excerpt":{"rendered":"<p>Neste per\u00edodo que antecede a grande festa de S\u00e3o Jo\u00e3o em Itapetinga, o Parque da Lagoa vem passando por uma manuten\u00e7\u00e3o caprichada, incluindo a instala\u00e7\u00e3o de &#8216;aeradores&#8217;, dispositivos que adicionam oxig\u00eanio \u00e0 \u00e1gua, com o objetivo de melhorar a sua qualidade. Em conversa informal com o secret\u00e1rio Cristian Gomes, do Meio Ambiente, que desca\u00e7ou a [&hellip;]<\/p>\n","protected":false},"author":2,"featured_media":122150,"comment_status":"closed","ping_status":"open","sticky":false,"template":"","format":"standard","meta":{"footnotes":"","_links_to":"","_links_to_target":""},"categories":[1],"tags":[],"class_list":["post-122146","post","type-post","status-publish","format-standard","has-post-thumbnail","hentry","category-geral"],"views":1233,"_links":{"self":[{"href":"https:\/\/www.sudoestehoje.com.br\/novoportal\/wp-json\/wp\/v2\/posts\/122146","targetHints":{"allow":["GET"]}}],"collection":[{"href":"https:\/\/www.sudoestehoje.com.br\/novoportal\/wp-json\/wp\/v2\/posts"}],"about":[{"href":"https:\/\/www.sudoestehoje.com.br\/novoportal\/wp-json\/wp\/v2\/types\/post"}],"author":[{"embeddable":true,"href":"https:\/\/www.sudoestehoje.com.br\/novoportal\/wp-json\/wp\/v2\/users\/2"}],"replies":[{"embeddable":true,"href":"https:\/\/www.sudoestehoje.com.br\/novoportal\/wp-json\/wp\/v2\/comments?post=122146"}],"version-history":[{"count":6,"href":"https:\/\/www.sudoestehoje.com.br\/novoportal\/wp-json\/wp\/v2\/posts\/122146\/revisions"}],"predecessor-version":[{"id":122156,"href":"https:\/\/www.sudoestehoje.com.br\/novoportal\/wp-json\/wp\/v2\/posts\/122146\/revisions\/122156"}],"wp:featuredmedia":[{"embeddable":true,"href":"https:\/\/www.sudoestehoje.com.br\/novoportal\/wp-json\/wp\/v2\/media\/122150"}],"wp:attachment":[{"href":"https:\/\/www.sudoestehoje.com.br\/novoportal\/wp-json\/wp\/v2\/media?parent=122146"}],"wp:term":[{"taxonomy":"category","embeddable":true,"href":"https:\/\/www.sudoestehoje.com.br\/novoportal\/wp-json\/wp\/v2\/categories?post=122146"},{"taxonomy":"post_tag","embeddable":true,"href":"https:\/\/www.sudoestehoje.com.br\/novoportal\/wp-json\/wp\/v2\/tags?post=122146"}],"curies":[{"name":"wp","href":"https:\/\/api.w.org\/{rel}","templated":true}]}}