
{"id":122142,"date":"2025-06-06T11:18:34","date_gmt":"2025-06-06T14:18:34","guid":{"rendered":"https:\/\/www.sudoestehoje.com.br\/novoportal\/?p=122142"},"modified":"2025-06-06T11:18:34","modified_gmt":"2025-06-06T14:18:34","slug":"luto-estudante-de-pedagogia-do-campus-da-uesb-em-itapetinga-morre-de-mal-subito","status":"publish","type":"post","link":"https:\/\/www.sudoestehoje.com.br\/novoportal\/2025\/06\/06\/luto-estudante-de-pedagogia-do-campus-da-uesb-em-itapetinga-morre-de-mal-subito\/","title":{"rendered":"LUTO | ESTUDANTE DE PEDAGOGIA DO CAMPUS DA UESB EM ITAPETINGA MORRE DE MAL S\u00daBITO"},"content":{"rendered":"<p><img loading=\"lazy\" decoding=\"async\" class=\"alignnone  wp-image-122143\" src=\"https:\/\/www.sudoestehoje.com.br\/novoportal\/wp-content\/uploads\/2025\/06\/rhMzMyr.jpeg\" alt=\"\" width=\"560\" height=\"336\" \/><\/p>\n<p>A comunidade acad\u00eamica e as cidades de Itapetinga e Vit\u00f3ria da Conquista amanheceram consternadas com a not\u00edcia do falecimento de Meriele Costa Cordeiro, de 30 anos, estudante do curso de Pedagogia da Universidade Estadual do Sudoeste da Bahia (Uesb). O ocorrido se deu na madrugada desta sexta-feira (6), quando Meriele sofreu um mal s\u00fabito em sua resid\u00eancia.<\/p>\n<p>Segundo as primeiras informa\u00e7\u00f5es, Meriele foi encontrada ca\u00edda na porta do quarto de sua casa, com o celular ainda em m\u00e3os. A equipe da Funer\u00e1ria Pax Perfei\u00e7\u00e3o foi acionada e encaminhou o corpo para a Unidade de Pronto Atendimento (UPA), onde o \u00f3bito foi confirmado no local.<\/p>\n<p>A causa exata do mal s\u00fabito ainda n\u00e3o foi detalhada, mas familiares aguardam novas orienta\u00e7\u00f5es das autoridades competentes.<\/p>\n<p>Amigos pr\u00f3ximos relataram que Meriele estava bem disposta nos \u00faltimos dias e celebrava marcos importantes em sua vida. Recentemente, ela havia realizado o ensaio fotogr\u00e1fico de formatura, compartilhando as imagens nas redes sociais com mensagens carregadas de otimismo sobre o futuro.\/\/ Blog do Marcelo<\/p>\n","protected":false},"excerpt":{"rendered":"<p>A comunidade acad\u00eamica e as cidades de Itapetinga e Vit\u00f3ria da Conquista amanheceram consternadas com a not\u00edcia do falecimento de Meriele Costa Cordeiro, de 30 anos, estudante do curso de Pedagogia da Universidade Estadual do Sudoeste da Bahia (Uesb). O ocorrido se deu na madrugada desta sexta-feira (6), quando Meriele sofreu um mal s\u00fabito em [&hellip;]<\/p>\n","protected":false},"author":2,"featured_media":122143,"comment_status":"closed","ping_status":"open","sticky":false,"template":"","format":"standard","meta":{"footnotes":"","_links_to":"","_links_to_target":""},"categories":[1],"tags":[],"class_list":["post-122142","post","type-post","status-publish","format-standard","has-post-thumbnail","hentry","category-geral"],"views":2494,"_links":{"self":[{"href":"https:\/\/www.sudoestehoje.com.br\/novoportal\/wp-json\/wp\/v2\/posts\/122142","targetHints":{"allow":["GET"]}}],"collection":[{"href":"https:\/\/www.sudoestehoje.com.br\/novoportal\/wp-json\/wp\/v2\/posts"}],"about":[{"href":"https:\/\/www.sudoestehoje.com.br\/novoportal\/wp-json\/wp\/v2\/types\/post"}],"author":[{"embeddable":true,"href":"https:\/\/www.sudoestehoje.com.br\/novoportal\/wp-json\/wp\/v2\/users\/2"}],"replies":[{"embeddable":true,"href":"https:\/\/www.sudoestehoje.com.br\/novoportal\/wp-json\/wp\/v2\/comments?post=122142"}],"version-history":[{"count":2,"href":"https:\/\/www.sudoestehoje.com.br\/novoportal\/wp-json\/wp\/v2\/posts\/122142\/revisions"}],"predecessor-version":[{"id":122145,"href":"https:\/\/www.sudoestehoje.com.br\/novoportal\/wp-json\/wp\/v2\/posts\/122142\/revisions\/122145"}],"wp:featuredmedia":[{"embeddable":true,"href":"https:\/\/www.sudoestehoje.com.br\/novoportal\/wp-json\/wp\/v2\/media\/122143"}],"wp:attachment":[{"href":"https:\/\/www.sudoestehoje.com.br\/novoportal\/wp-json\/wp\/v2\/media?parent=122142"}],"wp:term":[{"taxonomy":"category","embeddable":true,"href":"https:\/\/www.sudoestehoje.com.br\/novoportal\/wp-json\/wp\/v2\/categories?post=122142"},{"taxonomy":"post_tag","embeddable":true,"href":"https:\/\/www.sudoestehoje.com.br\/novoportal\/wp-json\/wp\/v2\/tags?post=122142"}],"curies":[{"name":"wp","href":"https:\/\/api.w.org\/{rel}","templated":true}]}}