
{"id":12214,"date":"2012-01-18T00:11:48","date_gmt":"2012-01-18T03:11:48","guid":{"rendered":"http:\/\/www.sudoestehoje.com.br\/novoportal\/?p=12214"},"modified":"2012-01-18T06:20:44","modified_gmt":"2012-01-18T09:20:44","slug":"geddel-desmente-participacao-em-eleicao-para-sindico","status":"publish","type":"post","link":"https:\/\/www.sudoestehoje.com.br\/novoportal\/2012\/01\/18\/geddel-desmente-participacao-em-eleicao-para-sindico\/","title":{"rendered":"GEDDEL DESMENTE PARTICIPA\u00c7\u00c3O EM ELEI\u00c7\u00c3O PARA S\u00cdNDICO"},"content":{"rendered":"<p style=\"text-align: center;\"><img decoding=\"async\" src=\"http:\/\/www.bahianoticias.com.br\/fotos\/principal_noticias\/109517\/IMAGEM_NOTICIA_5.jpg\" alt=\"Geddel nega ter perdido elei\u00e7\u00f5es em condom\u00ednio; s\u00edndico \u00e9 ex-secret\u00e1rio de Paulo Souto\" \/><\/p>\n<p style=\"text-align: center;\"><em><strong>Segundo Geddel, revista Isto \u00c9 mentiu e ser\u00e1 processada<\/strong><\/em><\/p>\n<p>O vice-presidente de Pessoa Jur\u00eddica da Caixa Econ\u00f4mica Federal, Geddel Vieira Lima (PMDB), negou que tenha participado de qualquer elei\u00e7\u00e3o para s\u00edndico no condom\u00ednio Interlagos, localizado em Arembepe. Segundo a Isto \u00c9, o peemedebista teria lan\u00e7ado candidatura para administrar o conjunto residencial de alto padr\u00e3o e perdido para um petista. \u201cNunca concorri. Em tempo algum, em nenhum local\u201d, assegurou. Geddel disse acreditar que a informa\u00e7\u00e3o tenha sido plantada por algu\u00e9m, mas afirmou \u201cn\u00e3o ter ideia\u201d de quem seria o autor. Apesar disso, em tom indignado, o ex-ministro declarou que entrar\u00e1 na Justi\u00e7a contra o jornalista que publicou a informa\u00e7\u00e3o. \u201cPara mim, o mais grave \u00e9 ele n\u00e3o ter checado, que \u00e9 uma coisa t\u00e3o simples. N\u00e3o tenho nenhum tipo de preconceito com a profiss\u00e3o [de jornalista], mas fico indignado com esse tipo de imprensa\u201d, reclamou. O Bahia Not\u00edcias conseguiu apurar que as elei\u00e7\u00f5es ocorreram em fevereiro do ano passado e que o atual s\u00edndico \u00e9 Ed\u00edlson Freire, ex-secret\u00e1rio de Administra\u00e7\u00e3o do governo Paulo Souto. Ele foi procurado para comentar o caso, mas n\u00e3o estava no condom\u00ednio nem atendeu \u00e0s liga\u00e7\u00f5es.<\/p>\n<p><em><strong>Bahia Noticias<\/strong><\/em><\/p>\n","protected":false},"excerpt":{"rendered":"<p>Segundo Geddel, revista Isto \u00c9 mentiu e ser\u00e1 processada O vice-presidente de Pessoa Jur\u00eddica da Caixa Econ\u00f4mica Federal, Geddel Vieira Lima (PMDB), negou que tenha participado de qualquer elei\u00e7\u00e3o para s\u00edndico no condom\u00ednio Interlagos, localizado em Arembepe. Segundo a Isto \u00c9, o peemedebista teria lan\u00e7ado candidatura para administrar o conjunto residencial de alto padr\u00e3o e [&hellip;]<\/p>\n","protected":false},"author":2,"featured_media":0,"comment_status":"open","ping_status":"open","sticky":false,"template":"","format":"standard","meta":{"footnotes":"","_links_to":"","_links_to_target":""},"categories":[1],"tags":[],"class_list":["post-12214","post","type-post","status-publish","format-standard","hentry","category-geral"],"views":1241,"_links":{"self":[{"href":"https:\/\/www.sudoestehoje.com.br\/novoportal\/wp-json\/wp\/v2\/posts\/12214","targetHints":{"allow":["GET"]}}],"collection":[{"href":"https:\/\/www.sudoestehoje.com.br\/novoportal\/wp-json\/wp\/v2\/posts"}],"about":[{"href":"https:\/\/www.sudoestehoje.com.br\/novoportal\/wp-json\/wp\/v2\/types\/post"}],"author":[{"embeddable":true,"href":"https:\/\/www.sudoestehoje.com.br\/novoportal\/wp-json\/wp\/v2\/users\/2"}],"replies":[{"embeddable":true,"href":"https:\/\/www.sudoestehoje.com.br\/novoportal\/wp-json\/wp\/v2\/comments?post=12214"}],"version-history":[{"count":6,"href":"https:\/\/www.sudoestehoje.com.br\/novoportal\/wp-json\/wp\/v2\/posts\/12214\/revisions"}],"predecessor-version":[{"id":12219,"href":"https:\/\/www.sudoestehoje.com.br\/novoportal\/wp-json\/wp\/v2\/posts\/12214\/revisions\/12219"}],"wp:attachment":[{"href":"https:\/\/www.sudoestehoje.com.br\/novoportal\/wp-json\/wp\/v2\/media?parent=12214"}],"wp:term":[{"taxonomy":"category","embeddable":true,"href":"https:\/\/www.sudoestehoje.com.br\/novoportal\/wp-json\/wp\/v2\/categories?post=12214"},{"taxonomy":"post_tag","embeddable":true,"href":"https:\/\/www.sudoestehoje.com.br\/novoportal\/wp-json\/wp\/v2\/tags?post=12214"}],"curies":[{"name":"wp","href":"https:\/\/api.w.org\/{rel}","templated":true}]}}