
{"id":122129,"date":"2025-06-06T09:33:51","date_gmt":"2025-06-06T12:33:51","guid":{"rendered":"https:\/\/www.sudoestehoje.com.br\/novoportal\/?p=122129"},"modified":"2025-06-06T10:23:14","modified_gmt":"2025-06-06T13:23:14","slug":"bahia-ponte-cai-mas-nao-cai-no-jequitinhonha-e-liberada-pelo-governo-na-br-101","status":"publish","type":"post","link":"https:\/\/www.sudoestehoje.com.br\/novoportal\/2025\/06\/06\/bahia-ponte-cai-mas-nao-cai-no-jequitinhonha-e-liberada-pelo-governo-na-br-101\/","title":{"rendered":"BAHIA | PONTE &#8216;CAI MAS N\u00c3O CAI&#8217; NO JEQUITINHONHA \u00c9 LIBERADA PELO GOVERNO LULA"},"content":{"rendered":"<p><img loading=\"lazy\" decoding=\"async\" class=\"alignnone wp-image-122130\" src=\"https:\/\/www.sudoestehoje.com.br\/novoportal\/wp-content\/uploads\/2025\/06\/ponte-jequitinhonha-640x360-1-580x326-1.jpg\" alt=\"\" width=\"560\" height=\"315\" \/><\/p>\n<p>Com a interfer\u00eancia direta do Chefe da Casa Civil de Lula, ministro Rui Costa, e outros pol\u00edticos do PT baiano, o ministro dos Transportes, Renan Filho, anunciou nesta quinta-feira (5), que a Ponte do Rio Jequitinhonha, localizada no trecho da BR-101 em Itapebi, no extremo sul da Bahia, ser\u00e1 liberada nos pr\u00f3ximos dias para o tr\u00e1fego de ve\u00edculos com peso de at\u00e9 29 toneladas.<\/p>\n<p>A estrutura foi\u00a0<a href=\"https:\/\/www.bahianoticias.com.br\/municipios\/noticia\/45107-ponte-no-extremo-sul-baiano-ficara-interditada-a-partir-desta-segunda\" data-mrf-link=\"https:\/\/www.bahianoticias.com.br\/municipios\/noticia\/45107-ponte-no-extremo-sul-baiano-ficara-interditada-a-partir-desta-segunda\">interditada no dia 5 de maio<\/a>\u00a0ap\u00f3s a identifica\u00e7\u00e3o de riscos estruturais durante uma avalia\u00e7\u00e3o t\u00e9cnica.<\/p>\n<p>\u201cEstudos realizados a partir do fechamento da ponte, e a partir do dia 20 desse m\u00eas vamos liberar a ponte para ve\u00edculos pequenos e transporte de passageiros em vans e esperamos nos pr\u00f3ximos dias conseguir, com novas interven\u00e7\u00f5es na pr\u00f3pria ponte, liberarmos ve\u00edculos at\u00e9 29 toneladas\u201d, afirmou o ministro.<\/p>\n<p>De acordo com Renan Filho, enquanto a libera\u00e7\u00e3o total n\u00e3o ocorre e a nova ponte n\u00e3o estiver pronta, os ve\u00edculos de carga mais pesada dever\u00e3o continuar utilizando o desvio provis\u00f3rio, que tamb\u00e9m est\u00e1 recebendo melhorias para suportar o tr\u00e1fego intenso. A nova ponte come\u00e7a a ser constru\u00edda ainda no m\u00eas de julho.<\/p>\n<p>A ponte ser\u00e1 monitorada por 15 dias ap\u00f3s a libera\u00e7\u00e3o, antes de uma nova avalia\u00e7\u00e3o t\u00e9cnica. Para garantir a manuten\u00e7\u00e3o das restri\u00e7\u00f5es, ser\u00e1 mobilizada uma for\u00e7a tarefa envolvendo a Pol\u00edcia Militar, Pol\u00edcia Rodovi\u00e1ria Federal e o DNIT.<\/p>\n<p>Vale lembrar que a ponte foi interditada pelo DNIT por risco de desabamento e de l\u00e1 para c\u00e1 n\u00e3o recebeu nenhum refor\u00e7o na sua estrutura.<\/p>\n<p>T\u00e1 &#8216;riscoso&#8217;&#8230;<\/p>\n<p><em>SH com informa\u00e7\u00f5es do Bahia Not\u00edcias<\/em><\/p>\n<p><img loading=\"lazy\" decoding=\"async\" class=\"alignnone wp-image-122053\" src=\"https:\/\/www.sudoestehoje.com.br\/novoportal\/wp-content\/uploads\/2025\/06\/saojoao_atakarejo.jpg\" alt=\"\" width=\"582\" height=\"72\" \/><\/p>\n","protected":false},"excerpt":{"rendered":"<p>Com a interfer\u00eancia direta do Chefe da Casa Civil de Lula, ministro Rui Costa, e outros pol\u00edticos do PT baiano, o ministro dos Transportes, Renan Filho, anunciou nesta quinta-feira (5), que a Ponte do Rio Jequitinhonha, localizada no trecho da BR-101 em Itapebi, no extremo sul da Bahia, ser\u00e1 liberada nos pr\u00f3ximos dias para o [&hellip;]<\/p>\n","protected":false},"author":2,"featured_media":122130,"comment_status":"closed","ping_status":"open","sticky":false,"template":"","format":"standard","meta":{"footnotes":"","_links_to":"","_links_to_target":""},"categories":[1],"tags":[],"class_list":["post-122129","post","type-post","status-publish","format-standard","has-post-thumbnail","hentry","category-geral"],"views":1407,"_links":{"self":[{"href":"https:\/\/www.sudoestehoje.com.br\/novoportal\/wp-json\/wp\/v2\/posts\/122129","targetHints":{"allow":["GET"]}}],"collection":[{"href":"https:\/\/www.sudoestehoje.com.br\/novoportal\/wp-json\/wp\/v2\/posts"}],"about":[{"href":"https:\/\/www.sudoestehoje.com.br\/novoportal\/wp-json\/wp\/v2\/types\/post"}],"author":[{"embeddable":true,"href":"https:\/\/www.sudoestehoje.com.br\/novoportal\/wp-json\/wp\/v2\/users\/2"}],"replies":[{"embeddable":true,"href":"https:\/\/www.sudoestehoje.com.br\/novoportal\/wp-json\/wp\/v2\/comments?post=122129"}],"version-history":[{"count":10,"href":"https:\/\/www.sudoestehoje.com.br\/novoportal\/wp-json\/wp\/v2\/posts\/122129\/revisions"}],"predecessor-version":[{"id":122140,"href":"https:\/\/www.sudoestehoje.com.br\/novoportal\/wp-json\/wp\/v2\/posts\/122129\/revisions\/122140"}],"wp:featuredmedia":[{"embeddable":true,"href":"https:\/\/www.sudoestehoje.com.br\/novoportal\/wp-json\/wp\/v2\/media\/122130"}],"wp:attachment":[{"href":"https:\/\/www.sudoestehoje.com.br\/novoportal\/wp-json\/wp\/v2\/media?parent=122129"}],"wp:term":[{"taxonomy":"category","embeddable":true,"href":"https:\/\/www.sudoestehoje.com.br\/novoportal\/wp-json\/wp\/v2\/categories?post=122129"},{"taxonomy":"post_tag","embeddable":true,"href":"https:\/\/www.sudoestehoje.com.br\/novoportal\/wp-json\/wp\/v2\/tags?post=122129"}],"curies":[{"name":"wp","href":"https:\/\/api.w.org\/{rel}","templated":true}]}}