
{"id":122110,"date":"2025-06-05T16:48:11","date_gmt":"2025-06-05T19:48:11","guid":{"rendered":"https:\/\/www.sudoestehoje.com.br\/novoportal\/?p=122110"},"modified":"2025-06-05T16:50:52","modified_gmt":"2025-06-05T19:50:52","slug":"prefeitura-de-itapetinga-abre-cadastro-para-barraqueiros-e-ambulantes-que-vao-atuar-no-circuito-da-sao-joao-da-lagoa","status":"publish","type":"post","link":"https:\/\/www.sudoestehoje.com.br\/novoportal\/2025\/06\/05\/prefeitura-de-itapetinga-abre-cadastro-para-barraqueiros-e-ambulantes-que-vao-atuar-no-circuito-da-sao-joao-da-lagoa\/","title":{"rendered":"PREFEITURA DE ITAPETINGA ABRE CADASTRO PARA BARRAQUEIROS E AMBULANTES QUE V\u00c3O ATUAR NO CIRCUITO DA S\u00c3O JO\u00c3O DA LAGOA"},"content":{"rendered":"<p><img loading=\"lazy\" decoding=\"async\" class=\"alignnone wp-image-122112\" src=\"https:\/\/www.sudoestehoje.com.br\/novoportal\/wp-content\/uploads\/2025\/06\/WhatsApp-Image-2025-06-05-at-11.52.33-1280x720-1.jpeg\" alt=\"\" width=\"561\" height=\"315\" \/><\/p>\n<p><em>ASCOM PMI<\/em><\/p>\n<p>Na pr\u00f3xima semana, a prefeitura de Itapetinga abrir\u00e1 as inscri\u00e7\u00f5es para barraqueiros a ambulantes que queiram trabalhar no Parque da Lagoa, durante o per\u00edodo de S\u00e3o Jo\u00e3o. Ao todo, mais de 100 trabalhadores ser\u00e3o selecionados para instalarem na arena da festa, entre os dias 20 e 23 de junho, suas barracas, isopores ou trailers. Os interessados devem se dirigir, de 09 a 11 de junho, \u00e0 secretaria de Governo do Munic\u00edpio, situada \u00e0 rua Joel Santos, 67, bairro Ot\u00e1vio Cam\u00f5es, para preencherem o requerimento.<\/p>\n<p>A lista de contemplados ser\u00e1 divulgada no pr\u00f3ximo dia 13. Ser\u00e3o priorizados aqueles que j\u00e1 trabalharam durante o festejo em anos anteriores. Aqueles que n\u00e3o ainda n\u00e3o atuaram na festa ficar\u00e3o em uma lista de espera para serem chamados caso haja desist\u00eancia de algum inscrito. O pagamento do alvar\u00e1 de funcionamento deve ser feito at\u00e9 o dia 17. Aqueles que n\u00e3o o efetuarem perdem, automaticamente a vaga conquistada e outro inscrito ser\u00e1 contemplado.<\/p>\n<p>O S\u00e3o Jo\u00e3o de Itapetinga \u00e9 festa, cultura, anima\u00e7\u00e3o e entretenimento, mas \u00e9 tamb\u00e9m, gera\u00e7\u00e3o de renda, movimenta\u00e7\u00e3o do com\u00e9rcio e desenvolvimento econ\u00f4mico. Desde j\u00e1, a prefeitura deseja boas festas e grandes neg\u00f3cios a todos os participantes.<\/p>\n<p>Baixe aqui o regulamento completo:<\/p>\n<p><span style=\"color: #0000ff;\"><strong><a style=\"color: #0000ff;\" href=\"https:\/\/itapetinga.ba.gov.br\/wp-content\/uploads\/2025\/06\/REQUERIMENTO-BARRACAS-p-DIVULGACAO.pdf\">https:\/\/itapetinga.ba.gov.br\/wp-content\/uploads\/2025\/06\/REQUERIMENTO-BARRACAS-p-DIVULGACAO.pdf<\/a><\/strong><\/span><\/p>\n<p><img loading=\"lazy\" decoding=\"async\" class=\"alignnone  wp-image-121989\" src=\"https:\/\/www.sudoestehoje.com.br\/novoportal\/wp-content\/uploads\/2025\/05\/sao_joao_ita2025.jpg\" alt=\"\" width=\"583\" height=\"155\" \/><\/p>\n","protected":false},"excerpt":{"rendered":"<p>ASCOM PMI Na pr\u00f3xima semana, a prefeitura de Itapetinga abrir\u00e1 as inscri\u00e7\u00f5es para barraqueiros a ambulantes que queiram trabalhar no Parque da Lagoa, durante o per\u00edodo de S\u00e3o Jo\u00e3o. Ao todo, mais de 100 trabalhadores ser\u00e3o selecionados para instalarem na arena da festa, entre os dias 20 e 23 de junho, suas barracas, isopores ou [&hellip;]<\/p>\n","protected":false},"author":2,"featured_media":122112,"comment_status":"closed","ping_status":"open","sticky":false,"template":"","format":"standard","meta":{"footnotes":"","_links_to":"","_links_to_target":""},"categories":[1],"tags":[],"class_list":["post-122110","post","type-post","status-publish","format-standard","has-post-thumbnail","hentry","category-geral"],"views":513,"_links":{"self":[{"href":"https:\/\/www.sudoestehoje.com.br\/novoportal\/wp-json\/wp\/v2\/posts\/122110","targetHints":{"allow":["GET"]}}],"collection":[{"href":"https:\/\/www.sudoestehoje.com.br\/novoportal\/wp-json\/wp\/v2\/posts"}],"about":[{"href":"https:\/\/www.sudoestehoje.com.br\/novoportal\/wp-json\/wp\/v2\/types\/post"}],"author":[{"embeddable":true,"href":"https:\/\/www.sudoestehoje.com.br\/novoportal\/wp-json\/wp\/v2\/users\/2"}],"replies":[{"embeddable":true,"href":"https:\/\/www.sudoestehoje.com.br\/novoportal\/wp-json\/wp\/v2\/comments?post=122110"}],"version-history":[{"count":6,"href":"https:\/\/www.sudoestehoje.com.br\/novoportal\/wp-json\/wp\/v2\/posts\/122110\/revisions"}],"predecessor-version":[{"id":122117,"href":"https:\/\/www.sudoestehoje.com.br\/novoportal\/wp-json\/wp\/v2\/posts\/122110\/revisions\/122117"}],"wp:featuredmedia":[{"embeddable":true,"href":"https:\/\/www.sudoestehoje.com.br\/novoportal\/wp-json\/wp\/v2\/media\/122112"}],"wp:attachment":[{"href":"https:\/\/www.sudoestehoje.com.br\/novoportal\/wp-json\/wp\/v2\/media?parent=122110"}],"wp:term":[{"taxonomy":"category","embeddable":true,"href":"https:\/\/www.sudoestehoje.com.br\/novoportal\/wp-json\/wp\/v2\/categories?post=122110"},{"taxonomy":"post_tag","embeddable":true,"href":"https:\/\/www.sudoestehoje.com.br\/novoportal\/wp-json\/wp\/v2\/tags?post=122110"}],"curies":[{"name":"wp","href":"https:\/\/api.w.org\/{rel}","templated":true}]}}