
{"id":12207,"date":"2012-01-17T12:42:38","date_gmt":"2012-01-17T15:42:38","guid":{"rendered":"http:\/\/www.sudoestehoje.com.br\/novoportal\/?p=12207"},"modified":"2012-01-17T12:42:38","modified_gmt":"2012-01-17T15:42:38","slug":"cpi-vidal-tenta-intimidar-imprensa-oposicao-e-membros-da-cpi","status":"publish","type":"post","link":"https:\/\/www.sudoestehoje.com.br\/novoportal\/2012\/01\/17\/cpi-vidal-tenta-intimidar-imprensa-oposicao-e-membros-da-cpi\/","title":{"rendered":"CPI: VIDAL TENTA INTIMIDAR IMPRENSA, OPOSI\u00c7\u00c3O E MEMBROS DA CPI"},"content":{"rendered":"<p style=\"text-align: center;\"><img decoding=\"async\" class=\"aligncenter\" src=\"http:\/\/www.sudoestenarede.com.br\/v1\/wp-content\/uploads\/NAARA.jpg\" alt=\"\" width=\"400\" \/><\/p>\n<p style=\"text-align: center;\"><em><strong>Vereadora Naara Duarte foi entrevistada pelo Jornal Dimens\u00e3o<\/strong><\/em><\/p>\n<p>ITAPETINGA: Falando \u00e0 reportagem de Dimens\u00e3o, a vereadora Naara Duarte (DEM) disse que mesmo com a sa\u00edda do vereador Romildo Teixeira, relator da CPI, a Comiss\u00e3o continua vigorando. \u201cA princ\u00edpio ficamos surpresos com o pedido do vereador Romildo, que enfatizou ser de forma irrevog\u00e1vel o seu afastamento da Comiss\u00e3o. Mas continuamos os trabalhos, at\u00e9 porque o presidente da C\u00e2mara j\u00e1 solicitou que o partido dele indicasse um novo nome para o lugar. Tamb\u00e9m recebemos uma correspond\u00eancia do prefeito municipal se negando a comparecer para o depoimento que deveria ter acontecido dia 13. Ele alega no documento que a CPI n\u00e3o tinha autoridade para convoc\u00e1-lo, o que deveria ser feito via presid\u00eancia da C\u00e2mara de Vereadores. Como a C\u00e2mara est\u00e1 em per\u00edodo de recesso, tamb\u00e9m solicitamos \u00e0 presid\u00eancia que fosse autorizado a suspens\u00e3o dos trabalhos da CPI at\u00e9 retorno do funcionamento da C\u00e2mara\u201d, comentou a vereadora, revelando ainda que tamb\u00e9m estava marcado para o dia 10 o depoimento de Israel Miranda, um dos assessores do prefeito, mas este alegou que neste per\u00edodo estaria em per\u00edodo de gozo de f\u00e9rias, ficando tamb\u00e9m o seu depoimento para o segundo semestre de trabalhos da C\u00e2mara e da CPi da Vidal.<\/p>\n<p><strong> Queixa crime<\/strong><\/p>\n<p>Naara Duarte tamb\u00e9m revelou que ela, juntamente com o vice-prefeito Edilson Lima, o representante do DEM Geraldo Trindade, o editor do <em>Sudoeste Hoje<\/em> e advogado Rivad\u00e1via Ferraz e o empres\u00e1rio Jos\u00e9 Elias Ribeiro estariam, nesta segunda-feira (16), \u00e0s 15h, se apresentando no Complexo Policial, uma vez que foram intimados pela pol\u00edcia, devido a uma queixa-crime contra eles feita por Bernardo Vidal, representante da empresa contratada pela prefeitura de Itapetinga e que tem sido motivo de investiga\u00e7\u00f5es da CPI. \u201cEle nos acusa de cal\u00fania, difama\u00e7\u00e3o e inj\u00faria. Estaremos l\u00e1 para nos apresentar \u00e0 autoridade policial e vamos levar junto toda a documenta\u00e7\u00e3o que temos a respeito deste caso\u201d, disse Naara, cuja opini\u00e3o \u00e9 de que esta queixa-crime de certa forma demonstra que a CPI \u201cest\u00e1 incomodando muito e com certeza vai incomodar mais ainda quando sair o resultado final\u201d, completou a vereadora, lamentando apenas que por ser ela tamb\u00e9m integrante do quadro do Hospital Raimundo Perazzo, acaba por ver sacrificada a comunidade que precisa usar dos servi\u00e7os daquele hospital nos finais de semana. \u201cA prefeitura faz uma esp\u00e9cie de boicote ao hospital por minha causa, que atinge diretamente a popula\u00e7\u00e3o mais carente, uma vez que n\u00e3o renovou o contrato com os plantonistas de finais de semana. Temos um contrato desde 2009 que vinha funcionando, mesmo pagando atrasado. Agora n\u00e3o foi pago novembro e dezembro do ano passado e j\u00e1 estamos em janeiro e nada, sequer o aditivo foi feito\u201d, acrescentou.<\/p>\n<p>O editor deste site n\u00e3o recebeu, at\u00e9 o momento, qualquer intima\u00e7\u00e3o para comparecer \u00e0 delegacia, apesar da not\u00edcia divulgada pela imprensa.<\/p>\n<p>Com informa\u00e7\u00f5es do\u00a0<em><strong>Jornal Dimens\u00e3o<\/strong><\/em><\/p>\n","protected":false},"excerpt":{"rendered":"<p>Vereadora Naara Duarte foi entrevistada pelo Jornal Dimens\u00e3o ITAPETINGA: Falando \u00e0 reportagem de Dimens\u00e3o, a vereadora Naara Duarte (DEM) disse que mesmo com a sa\u00edda do vereador Romildo Teixeira, relator da CPI, a Comiss\u00e3o continua vigorando. \u201cA princ\u00edpio ficamos surpresos com o pedido do vereador Romildo, que enfatizou ser de forma irrevog\u00e1vel o seu afastamento [&hellip;]<\/p>\n","protected":false},"author":2,"featured_media":0,"comment_status":"open","ping_status":"open","sticky":false,"template":"","format":"standard","meta":{"footnotes":"","_links_to":"","_links_to_target":""},"categories":[1],"tags":[],"class_list":["post-12207","post","type-post","status-publish","format-standard","hentry","category-geral"],"views":1140,"_links":{"self":[{"href":"https:\/\/www.sudoestehoje.com.br\/novoportal\/wp-json\/wp\/v2\/posts\/12207","targetHints":{"allow":["GET"]}}],"collection":[{"href":"https:\/\/www.sudoestehoje.com.br\/novoportal\/wp-json\/wp\/v2\/posts"}],"about":[{"href":"https:\/\/www.sudoestehoje.com.br\/novoportal\/wp-json\/wp\/v2\/types\/post"}],"author":[{"embeddable":true,"href":"https:\/\/www.sudoestehoje.com.br\/novoportal\/wp-json\/wp\/v2\/users\/2"}],"replies":[{"embeddable":true,"href":"https:\/\/www.sudoestehoje.com.br\/novoportal\/wp-json\/wp\/v2\/comments?post=12207"}],"version-history":[{"count":4,"href":"https:\/\/www.sudoestehoje.com.br\/novoportal\/wp-json\/wp\/v2\/posts\/12207\/revisions"}],"predecessor-version":[{"id":12211,"href":"https:\/\/www.sudoestehoje.com.br\/novoportal\/wp-json\/wp\/v2\/posts\/12207\/revisions\/12211"}],"wp:attachment":[{"href":"https:\/\/www.sudoestehoje.com.br\/novoportal\/wp-json\/wp\/v2\/media?parent=12207"}],"wp:term":[{"taxonomy":"category","embeddable":true,"href":"https:\/\/www.sudoestehoje.com.br\/novoportal\/wp-json\/wp\/v2\/categories?post=12207"},{"taxonomy":"post_tag","embeddable":true,"href":"https:\/\/www.sudoestehoje.com.br\/novoportal\/wp-json\/wp\/v2\/tags?post=12207"}],"curies":[{"name":"wp","href":"https:\/\/api.w.org\/{rel}","templated":true}]}}