
{"id":122038,"date":"2025-06-02T20:03:11","date_gmt":"2025-06-02T23:03:11","guid":{"rendered":"https:\/\/www.sudoestehoje.com.br\/novoportal\/?p=122038"},"modified":"2025-06-02T20:53:03","modified_gmt":"2025-06-02T23:53:03","slug":"feira-de-santana-e-a-idade-mais-violenta-do-brasil-segundo-ranking-internacional","status":"publish","type":"post","link":"https:\/\/www.sudoestehoje.com.br\/novoportal\/2025\/06\/02\/feira-de-santana-e-a-idade-mais-violenta-do-brasil-segundo-ranking-internacional\/","title":{"rendered":"FEIRA DE SANTANA \u00c9 A CIDADE MAIS VIOLENTA DO BRASIL SEGUNDO RANKING INTERNACIONAL"},"content":{"rendered":"<p><img loading=\"lazy\" decoding=\"async\" class=\"alignnone wp-image-122044\" src=\"https:\/\/www.sudoestehoje.com.br\/novoportal\/wp-content\/uploads\/2025\/06\/prefedecr_alo_alo_bahia.jpeg\" alt=\"\" width=\"559\" height=\"419\" \/><\/p>\n<p>A cidade de Feira de Santana, na Bahia, foi apontada como a mais violenta do Brasil em 2024, segundo o ranking das 50 cidades mais violentas do mundo, divulgado pela ONG mexicana Conselho Cidad\u00e3o para a Seguran\u00e7a P\u00fablica e a Justi\u00e7a Penal. Os dados foram atualizados em fevereiro de 2025 e levam em conta as taxas de homic\u00eddios por 100 mil habitantes em cidades com mais de 300 mil moradores.<\/p>\n<p>Com 55,63 homic\u00eddios por 100 mil habitantes, Feira de Santana aparece na 22\u00aa coloca\u00e7\u00e3o do ranking mundial. Em seguida, a regi\u00e3o metropolitana do Recife figura na 31\u00aa posi\u00e7\u00e3o, com uma taxa de 41,88 mortes violentas por 100 mil habitantes.<\/p>\n<p>O Brasil aparece com oito cidades no levantamento. Al\u00e9m de Feira de Santana e Recife, tamb\u00e9m est\u00e3o listadas Fortaleza (34\u00aa), Salvador (35\u00aa), Macei\u00f3 (41\u00aa), Porto Velho (44\u00aa), Manaus (47\u00aa) e Caruaru (50\u00aa). No total, essas oito cidades brasileiras somaram 6.451 homic\u00eddios em 2024, com uma m\u00e9dia geral de 38,55 mortes violentas por 100 mil habitantes.<\/p>\n<p>A capital baiana, Salvador, registrou uma taxa de homic\u00eddios de 39,71 por 100 mil habitantes, segundo o estudo. O \u00edndice adotado pela ONG mexicana \u00e9 considerado refer\u00eancia internacional e serve de alerta para pol\u00edticas p\u00fablicas voltadas \u00e0 seguran\u00e7a urbana, especialmente em \u00e1reas metropolitanas.<\/p>\n<p>O levantamento \u00e9 realizado anualmente e considera apenas cidades com popula\u00e7\u00e3o superior a 300 mil habitantes. O objetivo, segundo a organiza\u00e7\u00e3o, \u00e9 estimular governos locais a desenvolverem estrat\u00e9gias de preven\u00e7\u00e3o e combate \u00e0 viol\u00eancia letal.<\/p>\n<p><img loading=\"lazy\" decoding=\"async\" class=\"alignnone  wp-image-121989\" src=\"https:\/\/www.sudoestehoje.com.br\/novoportal\/wp-content\/uploads\/2025\/05\/sao_joao_ita2025.jpg\" alt=\"\" width=\"568\" height=\"151\" \/><\/p>\n","protected":false},"excerpt":{"rendered":"<p>A cidade de Feira de Santana, na Bahia, foi apontada como a mais violenta do Brasil em 2024, segundo o ranking das 50 cidades mais violentas do mundo, divulgado pela ONG mexicana Conselho Cidad\u00e3o para a Seguran\u00e7a P\u00fablica e a Justi\u00e7a Penal. Os dados foram atualizados em fevereiro de 2025 e levam em conta as [&hellip;]<\/p>\n","protected":false},"author":2,"featured_media":122044,"comment_status":"closed","ping_status":"open","sticky":false,"template":"","format":"standard","meta":{"footnotes":"","_links_to":"","_links_to_target":""},"categories":[1],"tags":[],"class_list":["post-122038","post","type-post","status-publish","format-standard","has-post-thumbnail","hentry","category-geral"],"views":738,"_links":{"self":[{"href":"https:\/\/www.sudoestehoje.com.br\/novoportal\/wp-json\/wp\/v2\/posts\/122038","targetHints":{"allow":["GET"]}}],"collection":[{"href":"https:\/\/www.sudoestehoje.com.br\/novoportal\/wp-json\/wp\/v2\/posts"}],"about":[{"href":"https:\/\/www.sudoestehoje.com.br\/novoportal\/wp-json\/wp\/v2\/types\/post"}],"author":[{"embeddable":true,"href":"https:\/\/www.sudoestehoje.com.br\/novoportal\/wp-json\/wp\/v2\/users\/2"}],"replies":[{"embeddable":true,"href":"https:\/\/www.sudoestehoje.com.br\/novoportal\/wp-json\/wp\/v2\/comments?post=122038"}],"version-history":[{"count":7,"href":"https:\/\/www.sudoestehoje.com.br\/novoportal\/wp-json\/wp\/v2\/posts\/122038\/revisions"}],"predecessor-version":[{"id":122048,"href":"https:\/\/www.sudoestehoje.com.br\/novoportal\/wp-json\/wp\/v2\/posts\/122038\/revisions\/122048"}],"wp:featuredmedia":[{"embeddable":true,"href":"https:\/\/www.sudoestehoje.com.br\/novoportal\/wp-json\/wp\/v2\/media\/122044"}],"wp:attachment":[{"href":"https:\/\/www.sudoestehoje.com.br\/novoportal\/wp-json\/wp\/v2\/media?parent=122038"}],"wp:term":[{"taxonomy":"category","embeddable":true,"href":"https:\/\/www.sudoestehoje.com.br\/novoportal\/wp-json\/wp\/v2\/categories?post=122038"},{"taxonomy":"post_tag","embeddable":true,"href":"https:\/\/www.sudoestehoje.com.br\/novoportal\/wp-json\/wp\/v2\/tags?post=122038"}],"curies":[{"name":"wp","href":"https:\/\/api.w.org\/{rel}","templated":true}]}}