
{"id":122035,"date":"2025-06-02T19:18:25","date_gmt":"2025-06-02T22:18:25","guid":{"rendered":"https:\/\/www.sudoestehoje.com.br\/novoportal\/?p=122035"},"modified":"2025-06-02T20:53:58","modified_gmt":"2025-06-02T23:53:58","slug":"refinaria-acelen-anuncia-reducao-do-preco-do-gas-de-cozinha-na-bahia","status":"publish","type":"post","link":"https:\/\/www.sudoestehoje.com.br\/novoportal\/2025\/06\/02\/refinaria-acelen-anuncia-reducao-do-preco-do-gas-de-cozinha-na-bahia\/","title":{"rendered":"REFINARIA ACELEN ANUNCIA REDU\u00c7\u00c3O DO PRE\u00c7O DO G\u00c1S DE COZINHA NA BAHIA"},"content":{"rendered":"<p><img loading=\"lazy\" decoding=\"async\" class=\"alignnone wp-image-122036\" src=\"https:\/\/www.sudoestehoje.com.br\/novoportal\/wp-content\/uploads\/2025\/06\/Petrobras-reduz-preco-do-gas-de-cozinha-a-partir-da-sexta-feira-shutterstock_1660250275.jpg\" alt=\"\" width=\"561\" height=\"375\" \/><\/p>\n<p>A Acelen, empresa respons\u00e1vel pela Refinaria de Mataripe, na Bahia, anunciou uma redu\u00e7\u00e3o de 5,5% no pre\u00e7o do g\u00e1s liquefeito de petr\u00f3leo (GLP), o g\u00e1s de cozinha, vendido \u00e0s distribuidoras. A nova tarifa entrou em vigor neste domingo\u00a0(1\u00ba).<\/p>\n<p>Segundo a empresa, a medida segue crit\u00e9rios de mercado e leva em conta fatores como o custo internacional do petr\u00f3leo, a varia\u00e7\u00e3o do d\u00f3lar e os custos com frete. \u201cOs pre\u00e7os dos produtos seguem crit\u00e9rios de mercado, considerando vari\u00e1veis como custo do petr\u00f3leo, que \u00e9 adquirido a pre\u00e7os internacionais, d\u00f3lar e frete, podendo variar para cima ou para baixo\u201d, informou a Acelen em nota.<\/p>\n<p>A companhia refor\u00e7ou que adota uma pol\u00edtica de pre\u00e7os \u201ctransparente\u201d e \u201camparada por crit\u00e9rios t\u00e9cnicos\u201d, alinhada aos padr\u00f5es internacionais do setor de energia. O impacto para o consumidor final vai depender das margens aplicadas por revendedores e distribuidores.<\/p>\n<p><img loading=\"lazy\" decoding=\"async\" class=\"alignnone  wp-image-121989\" src=\"https:\/\/www.sudoestehoje.com.br\/novoportal\/wp-content\/uploads\/2025\/05\/sao_joao_ita2025.jpg\" alt=\"\" width=\"568\" height=\"151\" \/><\/p>\n","protected":false},"excerpt":{"rendered":"<p>A Acelen, empresa respons\u00e1vel pela Refinaria de Mataripe, na Bahia, anunciou uma redu\u00e7\u00e3o de 5,5% no pre\u00e7o do g\u00e1s liquefeito de petr\u00f3leo (GLP), o g\u00e1s de cozinha, vendido \u00e0s distribuidoras. A nova tarifa entrou em vigor neste domingo\u00a0(1\u00ba). Segundo a empresa, a medida segue crit\u00e9rios de mercado e leva em conta fatores como o custo [&hellip;]<\/p>\n","protected":false},"author":2,"featured_media":122036,"comment_status":"closed","ping_status":"open","sticky":false,"template":"","format":"standard","meta":{"footnotes":"","_links_to":"","_links_to_target":""},"categories":[1],"tags":[],"class_list":["post-122035","post","type-post","status-publish","format-standard","has-post-thumbnail","hentry","category-geral"],"views":942,"_links":{"self":[{"href":"https:\/\/www.sudoestehoje.com.br\/novoportal\/wp-json\/wp\/v2\/posts\/122035","targetHints":{"allow":["GET"]}}],"collection":[{"href":"https:\/\/www.sudoestehoje.com.br\/novoportal\/wp-json\/wp\/v2\/posts"}],"about":[{"href":"https:\/\/www.sudoestehoje.com.br\/novoportal\/wp-json\/wp\/v2\/types\/post"}],"author":[{"embeddable":true,"href":"https:\/\/www.sudoestehoje.com.br\/novoportal\/wp-json\/wp\/v2\/users\/2"}],"replies":[{"embeddable":true,"href":"https:\/\/www.sudoestehoje.com.br\/novoportal\/wp-json\/wp\/v2\/comments?post=122035"}],"version-history":[{"count":3,"href":"https:\/\/www.sudoestehoje.com.br\/novoportal\/wp-json\/wp\/v2\/posts\/122035\/revisions"}],"predecessor-version":[{"id":122050,"href":"https:\/\/www.sudoestehoje.com.br\/novoportal\/wp-json\/wp\/v2\/posts\/122035\/revisions\/122050"}],"wp:featuredmedia":[{"embeddable":true,"href":"https:\/\/www.sudoestehoje.com.br\/novoportal\/wp-json\/wp\/v2\/media\/122036"}],"wp:attachment":[{"href":"https:\/\/www.sudoestehoje.com.br\/novoportal\/wp-json\/wp\/v2\/media?parent=122035"}],"wp:term":[{"taxonomy":"category","embeddable":true,"href":"https:\/\/www.sudoestehoje.com.br\/novoportal\/wp-json\/wp\/v2\/categories?post=122035"},{"taxonomy":"post_tag","embeddable":true,"href":"https:\/\/www.sudoestehoje.com.br\/novoportal\/wp-json\/wp\/v2\/tags?post=122035"}],"curies":[{"name":"wp","href":"https:\/\/api.w.org\/{rel}","templated":true}]}}