
{"id":122025,"date":"2025-06-02T11:05:48","date_gmt":"2025-06-02T14:05:48","guid":{"rendered":"https:\/\/www.sudoestehoje.com.br\/novoportal\/?p=122025"},"modified":"2025-06-02T11:05:48","modified_gmt":"2025-06-02T14:05:48","slug":"caatiba-prefeito-dr-humberto-lanca-forro-dos-bairros-e-esquenta-o-sao-joao-na-cidade","status":"publish","type":"post","link":"https:\/\/www.sudoestehoje.com.br\/novoportal\/2025\/06\/02\/caatiba-prefeito-dr-humberto-lanca-forro-dos-bairros-e-esquenta-o-sao-joao-na-cidade\/","title":{"rendered":"CAATIBA | PREFEITO DR. HUMBERTO LAN\u00c7A FORR\u00d3 DOS BAIRROS E ESQUENTA O S\u00c3O JO\u00c3O  NA CIDADE"},"content":{"rendered":"<p><img loading=\"lazy\" decoding=\"async\" class=\"alignnone  wp-image-122032\" src=\"https:\/\/www.sudoestehoje.com.br\/novoportal\/wp-content\/uploads\/2025\/06\/Imagem-do-WhatsApp-de-2025-05-30-as-22.25.52_acafdb06.jpg\" alt=\"\" width=\"560\" height=\"697\" \/><\/p>\n<p>Em Caatiba, as comemora\u00e7\u00f5es da tradicional festa de S\u00e3o Jo\u00e3o j\u00e1 come\u00e7aram neste final de semana, com o lan\u00e7amento do &#8216;Forr\u00f3 dos Bairros&#8217;, pelo atuante prefeito Dr. Humberto Antunes, novo gestor do munic\u00edpio.<\/p>\n<p>O lan\u00e7amento aconteceu no \u00faltimo s\u00e1bado, e levou muita anima\u00e7\u00e3o para a Avenida Juracy Magalh\u00e3es, num pren\u00fancio de que os festejos juninos na cidade ser\u00e3o um dos mais animados da regi\u00e3o.<\/p>\n<p>De acordo com o prefeito Humberto, o intuito \u00e9 inserir o munic\u00edpio de Caatiba no circuito dos festejos juninos do M\u00e9dio Sudoeste, um dos mais importantes da Bahia, a exemplo de Itapetinga, Ibicu\u00ed e Itoror\u00f3.<\/p>\n<p>E a festa s\u00f3 est\u00e1 come\u00e7ando&#8230;<\/p>\n<p>Por Davi Ferraz<\/p>\n","protected":false},"excerpt":{"rendered":"<p>Em Caatiba, as comemora\u00e7\u00f5es da tradicional festa de S\u00e3o Jo\u00e3o j\u00e1 come\u00e7aram neste final de semana, com o lan\u00e7amento do &#8216;Forr\u00f3 dos Bairros&#8217;, pelo atuante prefeito Dr. Humberto Antunes, novo gestor do munic\u00edpio. O lan\u00e7amento aconteceu no \u00faltimo s\u00e1bado, e levou muita anima\u00e7\u00e3o para a Avenida Juracy Magalh\u00e3es, num pren\u00fancio de que os festejos juninos [&hellip;]<\/p>\n","protected":false},"author":2,"featured_media":122032,"comment_status":"closed","ping_status":"open","sticky":false,"template":"","format":"standard","meta":{"footnotes":"","_links_to":"","_links_to_target":""},"categories":[1],"tags":[],"class_list":["post-122025","post","type-post","status-publish","format-standard","has-post-thumbnail","hentry","category-geral"],"views":588,"_links":{"self":[{"href":"https:\/\/www.sudoestehoje.com.br\/novoportal\/wp-json\/wp\/v2\/posts\/122025","targetHints":{"allow":["GET"]}}],"collection":[{"href":"https:\/\/www.sudoestehoje.com.br\/novoportal\/wp-json\/wp\/v2\/posts"}],"about":[{"href":"https:\/\/www.sudoestehoje.com.br\/novoportal\/wp-json\/wp\/v2\/types\/post"}],"author":[{"embeddable":true,"href":"https:\/\/www.sudoestehoje.com.br\/novoportal\/wp-json\/wp\/v2\/users\/2"}],"replies":[{"embeddable":true,"href":"https:\/\/www.sudoestehoje.com.br\/novoportal\/wp-json\/wp\/v2\/comments?post=122025"}],"version-history":[{"count":7,"href":"https:\/\/www.sudoestehoje.com.br\/novoportal\/wp-json\/wp\/v2\/posts\/122025\/revisions"}],"predecessor-version":[{"id":122034,"href":"https:\/\/www.sudoestehoje.com.br\/novoportal\/wp-json\/wp\/v2\/posts\/122025\/revisions\/122034"}],"wp:featuredmedia":[{"embeddable":true,"href":"https:\/\/www.sudoestehoje.com.br\/novoportal\/wp-json\/wp\/v2\/media\/122032"}],"wp:attachment":[{"href":"https:\/\/www.sudoestehoje.com.br\/novoportal\/wp-json\/wp\/v2\/media?parent=122025"}],"wp:term":[{"taxonomy":"category","embeddable":true,"href":"https:\/\/www.sudoestehoje.com.br\/novoportal\/wp-json\/wp\/v2\/categories?post=122025"},{"taxonomy":"post_tag","embeddable":true,"href":"https:\/\/www.sudoestehoje.com.br\/novoportal\/wp-json\/wp\/v2\/tags?post=122025"}],"curies":[{"name":"wp","href":"https:\/\/api.w.org\/{rel}","templated":true}]}}