
{"id":121980,"date":"2025-05-28T19:56:54","date_gmt":"2025-05-28T22:56:54","guid":{"rendered":"https:\/\/www.sudoestehoje.com.br\/novoportal\/?p=121980"},"modified":"2025-05-28T20:19:08","modified_gmt":"2025-05-28T23:19:08","slug":"regiao-vice-prefeito-de-ribeirao-do-largo-morre-em-acidente-entre-itapetinga-e-itambe","status":"publish","type":"post","link":"https:\/\/www.sudoestehoje.com.br\/novoportal\/2025\/05\/28\/regiao-vice-prefeito-de-ribeirao-do-largo-morre-em-acidente-entre-itapetinga-e-itambe\/","title":{"rendered":"REGI\u00c3O | VICE-PREFEITO DE RIBEIR\u00c3O DO LARGO MORRE EM ACIDENTE ENTRE ITAPETINGA E ITAMB\u00c9"},"content":{"rendered":"<div id=\"chunk-5naf6\">\n<div class=\"mc-column content-text active-extra-styles \" data-block-type=\"unstyled\" data-block-weight=\"42\" data-block-id=\"3\">\n<p data-track-category=\"Link no Texto\" data-track-links=\"\" data-mrf-recirculation=\"Mat\u00e9ria - Links no Texto\"><img loading=\"lazy\" decoding=\"async\" class=\"alignnone wp-image-121984\" src=\"https:\/\/www.sudoestehoje.com.br\/novoportal\/wp-content\/uploads\/2025\/05\/Vice-prefeito-de-cidade-da-Bahia-morre-apos-aciden0132918000202505281918.jpg\" alt=\"\" width=\"562\" height=\"316\" \/><\/p>\n<p class=\" content-text__container \" data-track-category=\"Link no Texto\" data-track-links=\"\" data-mrf-recirculation=\"Mat\u00e9ria - Links no Texto\">O vice-prefeito da cidade de\u00a0Ribeir\u00e3o do Largo,\u00a0<strong>Wilson Dias de Almeida<\/strong>, morreu ap\u00f3s o ve\u00edculo em que ele estava capotar na BA-263, entre os munic\u00edpios de\u00a0Itamb\u00e9\u00a0e\u00a0Itapetinga, no sudoeste do estado.<\/p>\n<p class=\" content-text__container \" data-track-category=\"Link no Texto\" data-track-links=\"\" data-mrf-recirculation=\"Mat\u00e9ria - Links no Texto\">O acidente aconteceu na noite de ter\u00e7a-feira (27). Wilson Dias (Avante) tinha 65 anos e havia sa\u00eddo de\u00a0Itapetinga\u00a0para visitar a neta, que nasceu no fim de semana.<\/p>\n<p class=\" content-text__container \" data-track-category=\"Link no Texto\" data-track-links=\"\" data-mrf-recirculation=\"Mat\u00e9ria - Links no Texto\">Ele foi vereador de\u00a0Ribeir\u00e3o do Largo\u00a0por oito mandatos antes de desempenhar o cargo de vice-prefeito.<\/p>\n<p data-track-category=\"Link no Texto\" data-track-links=\"\" data-mrf-recirculation=\"Mat\u00e9ria - Links no Texto\"><img loading=\"lazy\" decoding=\"async\" class=\"alignnone  wp-image-121973\" src=\"https:\/\/www.sudoestehoje.com.br\/novoportal\/wp-content\/uploads\/2025\/05\/Imagem-do-WhatsApp-de-2025-05-28-as-16.36.18_c2dda5f0-1.jpg\" alt=\"\" width=\"563\" height=\"145\" \/><\/p>\n<\/div>\n<\/div>\n","protected":false},"excerpt":{"rendered":"<p>O vice-prefeito da cidade de\u00a0Ribeir\u00e3o do Largo,\u00a0Wilson Dias de Almeida, morreu ap\u00f3s o ve\u00edculo em que ele estava capotar na BA-263, entre os munic\u00edpios de\u00a0Itamb\u00e9\u00a0e\u00a0Itapetinga, no sudoeste do estado. O acidente aconteceu na noite de ter\u00e7a-feira (27). Wilson Dias (Avante) tinha 65 anos e havia sa\u00eddo de\u00a0Itapetinga\u00a0para visitar a neta, que nasceu no fim de [&hellip;]<\/p>\n","protected":false},"author":2,"featured_media":121984,"comment_status":"closed","ping_status":"open","sticky":false,"template":"","format":"standard","meta":{"footnotes":"","_links_to":"","_links_to_target":""},"categories":[1],"tags":[],"class_list":["post-121980","post","type-post","status-publish","format-standard","has-post-thumbnail","hentry","category-geral"],"views":921,"_links":{"self":[{"href":"https:\/\/www.sudoestehoje.com.br\/novoportal\/wp-json\/wp\/v2\/posts\/121980","targetHints":{"allow":["GET"]}}],"collection":[{"href":"https:\/\/www.sudoestehoje.com.br\/novoportal\/wp-json\/wp\/v2\/posts"}],"about":[{"href":"https:\/\/www.sudoestehoje.com.br\/novoportal\/wp-json\/wp\/v2\/types\/post"}],"author":[{"embeddable":true,"href":"https:\/\/www.sudoestehoje.com.br\/novoportal\/wp-json\/wp\/v2\/users\/2"}],"replies":[{"embeddable":true,"href":"https:\/\/www.sudoestehoje.com.br\/novoportal\/wp-json\/wp\/v2\/comments?post=121980"}],"version-history":[{"count":5,"href":"https:\/\/www.sudoestehoje.com.br\/novoportal\/wp-json\/wp\/v2\/posts\/121980\/revisions"}],"predecessor-version":[{"id":121986,"href":"https:\/\/www.sudoestehoje.com.br\/novoportal\/wp-json\/wp\/v2\/posts\/121980\/revisions\/121986"}],"wp:featuredmedia":[{"embeddable":true,"href":"https:\/\/www.sudoestehoje.com.br\/novoportal\/wp-json\/wp\/v2\/media\/121984"}],"wp:attachment":[{"href":"https:\/\/www.sudoestehoje.com.br\/novoportal\/wp-json\/wp\/v2\/media?parent=121980"}],"wp:term":[{"taxonomy":"category","embeddable":true,"href":"https:\/\/www.sudoestehoje.com.br\/novoportal\/wp-json\/wp\/v2\/categories?post=121980"},{"taxonomy":"post_tag","embeddable":true,"href":"https:\/\/www.sudoestehoje.com.br\/novoportal\/wp-json\/wp\/v2\/tags?post=121980"}],"curies":[{"name":"wp","href":"https:\/\/api.w.org\/{rel}","templated":true}]}}