
{"id":121935,"date":"2025-05-26T09:45:57","date_gmt":"2025-05-26T12:45:57","guid":{"rendered":"https:\/\/www.sudoestehoje.com.br\/novoportal\/?p=121935"},"modified":"2025-05-26T10:35:35","modified_gmt":"2025-05-26T13:35:35","slug":"alianca-com-o-governo-traz-importantes-conquistas-para-itapetinga-e-regiao","status":"publish","type":"post","link":"https:\/\/www.sudoestehoje.com.br\/novoportal\/2025\/05\/26\/alianca-com-o-governo-traz-importantes-conquistas-para-itapetinga-e-regiao\/","title":{"rendered":"ALIAN\u00c7A COM O GOVERNO TRAZ IMPORTANTES CONQUISTAS PARA ITAPETINGA E REGI\u00c3O"},"content":{"rendered":"<p><img loading=\"lazy\" decoding=\"async\" class=\"alignnone wp-image-121937\" src=\"https:\/\/www.sudoestehoje.com.br\/novoportal\/wp-content\/uploads\/2025\/05\/Imagem-do-WhatsApp-de-2025-05-25-as-11.02.39_f84afa52.jpg\" alt=\"\" width=\"561\" height=\"315\" \/><\/p>\n<p>Neste final de semana de Exposi\u00e7\u00e3o Agropecu\u00e1ria, a movimenta\u00e7\u00e3o pol\u00edtica tomou conta de Itapetinga, com o desembarque do governador Jer\u00f4nimo e seu staff pol\u00edtico e administrativo no munic\u00edpio, trazendo na bagagem importantes conquistas para o munic\u00edpio, dentre elas o t\u00e3o sonhado Hospital Regional.<\/p>\n<p>A visita foi marcada pelo apoio pol\u00edtico do prefeito Eduardo Hagge ao grupo do governador, capitaneado pelo ex-ministro Geddel Vieira Lima, l\u00edder do MDB na Bahia e importante aliado do governo.<\/p>\n<p>COER\u00caNCIA PARTID\u00c1RIA DE EDUARDO<\/p>\n<p>Assim como Michel Hagge, em tempos passados, Eduardo optou em seguir a orienta\u00e7\u00e3o das lideran\u00e7as estaduais do seu partido, apesar de dividir opini\u00f5es, mas &#8216;acertou na mosca&#8217;, atraindo obras e outros recursos para a cidade, eternamente carente da presen\u00e7a governamental. Fez bonito.<\/p>\n<p>OPOSI\u00c7\u00c3O INEFICAZ E AUSENTE<\/p>\n<p>Determinado e \u00e1gil, Eduardo mostrou aos antigos aliados do governo petista na cidade, como se faz. Em menos de 5 meses de governo, conseguiu convencer o governador da necessidade de investir em Itapetinga, um dos mais importantes polos regionais da Bahia, h\u00e1 d\u00e9cadas esquecido.<\/p>\n<p>Foi uma verdadeira li\u00e7\u00e3o de compet\u00eancia e boa vontade, diante da inefic\u00e1cia da oposi\u00e7\u00e3o local, que ao inv\u00e9s de carrear recursos e obras para Itapetinga, preferiu persegui-la, colocando <em>&#8216;dedo no suspiro&#8217;<\/em> em tudo que se pedia ao governo, por raz\u00f5es mesquinha e pessoais, atribuindo culpa aos prefeitos anteriores e teriam &#8216;cepado&#8217; os pleitos de Eduardo, n\u00e3o fosse a boa vontade do governador Jer\u00f4nimo.<\/p>\n<p>GEDDEL MOSTROU QUE TEM FOR\u00c7A NO GOVERNO<\/p>\n<p>No palanque montado na Lagoa, Geddel Vieira Lima fez um discurso eloquente, relembrando seu hist\u00f3rico como representantes de Itapetinga na C\u00e2mara Federal e as realiza\u00e7\u00f5es importantes durante seu per\u00edodo com Ministro da Integra\u00e7\u00e3o Nacional. Foi aplaudido por &#8216;gabirabas&#8217; e chorou durante o discurso de Eduardo.<\/p>\n<p>Mesmo afastado das candidaturas, Geddel ainda exerce uma enorme for\u00e7a pol\u00edtica e lideran\u00e7a na regi\u00e3o, influenciando e convencendo figuras importantes como o prefeito Eduardo Hagge, a seguir o caminho do seu partido, o MDB, aliado do governo.<\/p>\n<p>Por Davi Ferraz<\/p>\n","protected":false},"excerpt":{"rendered":"<p>Neste final de semana de Exposi\u00e7\u00e3o Agropecu\u00e1ria, a movimenta\u00e7\u00e3o pol\u00edtica tomou conta de Itapetinga, com o desembarque do governador Jer\u00f4nimo e seu staff pol\u00edtico e administrativo no munic\u00edpio, trazendo na bagagem importantes conquistas para o munic\u00edpio, dentre elas o t\u00e3o sonhado Hospital Regional. A visita foi marcada pelo apoio pol\u00edtico do prefeito Eduardo Hagge ao [&hellip;]<\/p>\n","protected":false},"author":2,"featured_media":121937,"comment_status":"closed","ping_status":"open","sticky":false,"template":"","format":"standard","meta":{"footnotes":"","_links_to":"","_links_to_target":""},"categories":[1],"tags":[],"class_list":["post-121935","post","type-post","status-publish","format-standard","has-post-thumbnail","hentry","category-geral"],"views":1141,"_links":{"self":[{"href":"https:\/\/www.sudoestehoje.com.br\/novoportal\/wp-json\/wp\/v2\/posts\/121935","targetHints":{"allow":["GET"]}}],"collection":[{"href":"https:\/\/www.sudoestehoje.com.br\/novoportal\/wp-json\/wp\/v2\/posts"}],"about":[{"href":"https:\/\/www.sudoestehoje.com.br\/novoportal\/wp-json\/wp\/v2\/types\/post"}],"author":[{"embeddable":true,"href":"https:\/\/www.sudoestehoje.com.br\/novoportal\/wp-json\/wp\/v2\/users\/2"}],"replies":[{"embeddable":true,"href":"https:\/\/www.sudoestehoje.com.br\/novoportal\/wp-json\/wp\/v2\/comments?post=121935"}],"version-history":[{"count":2,"href":"https:\/\/www.sudoestehoje.com.br\/novoportal\/wp-json\/wp\/v2\/posts\/121935\/revisions"}],"predecessor-version":[{"id":121938,"href":"https:\/\/www.sudoestehoje.com.br\/novoportal\/wp-json\/wp\/v2\/posts\/121935\/revisions\/121938"}],"wp:featuredmedia":[{"embeddable":true,"href":"https:\/\/www.sudoestehoje.com.br\/novoportal\/wp-json\/wp\/v2\/media\/121937"}],"wp:attachment":[{"href":"https:\/\/www.sudoestehoje.com.br\/novoportal\/wp-json\/wp\/v2\/media?parent=121935"}],"wp:term":[{"taxonomy":"category","embeddable":true,"href":"https:\/\/www.sudoestehoje.com.br\/novoportal\/wp-json\/wp\/v2\/categories?post=121935"},{"taxonomy":"post_tag","embeddable":true,"href":"https:\/\/www.sudoestehoje.com.br\/novoportal\/wp-json\/wp\/v2\/tags?post=121935"}],"curies":[{"name":"wp","href":"https:\/\/api.w.org\/{rel}","templated":true}]}}