
{"id":121898,"date":"2025-05-22T10:56:58","date_gmt":"2025-05-22T13:56:58","guid":{"rendered":"https:\/\/www.sudoestehoje.com.br\/novoportal\/?p=121898"},"modified":"2025-05-22T12:38:40","modified_gmt":"2025-05-22T15:38:40","slug":"quentinhas-da-exposicao-vinda-de-jeronimo-e-joao-roma-acm-nao-vem","status":"publish","type":"post","link":"https:\/\/www.sudoestehoje.com.br\/novoportal\/2025\/05\/22\/quentinhas-da-exposicao-vinda-de-jeronimo-e-joao-roma-acm-nao-vem\/","title":{"rendered":"QUENTINHAS DA EXPOSI\u00c7\u00c3O | VINDA DE JER\u00d4NIMO E JO\u00c3O ROMA; ACM N\u00c3O VEM"},"content":{"rendered":"<p><img loading=\"lazy\" decoding=\"async\" class=\"alignnone size-full wp-image-121904\" src=\"https:\/\/www.sudoestehoje.com.br\/novoportal\/wp-content\/uploads\/2025\/05\/b087fbc9-7971-44c9-b854-e0a5545b1623.jpg\" alt=\"\" width=\"539\" height=\"338\" \/><\/p>\n<p>EDUARDO VAI ENTREGAR \u00c1REA DA POLICL\u00cdNICA E HOSPITAL REGIONAL<\/p>\n<p>A grande expectativa neste per\u00edodo de Exposi\u00e7\u00e3o em Itapetinga, \u00e9 a vinda do governador Jer\u00f4nimo, que dever\u00e1 anunciar obras de vulto para a &#8216;Capital da Pecu\u00e1ria&#8217;. Policl\u00ednica Federal e Hospital Regional dever\u00e3o ser anunciadas pelo chefe do executivo baiano. Como n\u00e3o \u00e9 besta nem nada, o prefeito Eduardo adiantou a sua parte e vai entregar ao governo uma \u00e1rea de 50 mil metros quadrados ao lado do Loteamento Turmalina, para a constru\u00e7\u00e3o. A entrega vai ser no local, que j\u00e1 est\u00e1 recebendo os servi\u00e7os de sondagem. Bola pra dentro do nosso prefeito.<\/p>\n<p>QUEM TEM &#8216;UMA BOCA&#8217; N\u00c3O VAI A ROMA<\/p>\n<p>Est\u00e1 sendo anunciada nas redes sociais a vinda do ex-ministro de Bolsonaro, Jo\u00e3o Roma (PL) e sua esposa Roberta Roma, deputada federal, na manh\u00e3 desta sexta (23). A expectativa \u00e9 de que sejam bem recebidos pelos bolsonaristas locais, evidentemente com alguns\u00a0 desfalques importantes, justamente dos coordenadores da campanha de Roma e Roberta, nas \u00faltimas elei\u00e7\u00f5es, por raz\u00f5es obvias. Dr. Airton do SAAE, Ari Cursino e outros bolsonaristas de carteirinha,<em> &#8216;num vai n\u00e3o&#8217;<\/em>. Como diz o velho ditado que inventei agora, <em>&#8220;quem tem sua boa boca, n\u00e3o vai a Roma&#8221;<\/em>.<\/p>\n<p>ACM NETO N\u00c3O VEM \u00c0 EXPOSI\u00c7\u00c3O EM RESPEITO A RODRIGO<\/p>\n<p>O pr\u00e9-candidato a governador, ACM Neto (UB) n\u00e3o vem \u00e0 Exposi\u00e7\u00e3o de Itapetinga, em considera\u00e7\u00e3o e respeito \u00e0 posi\u00e7\u00e3o pol\u00edtica de Rodrigo Hagge (MDB). Rodrigo n\u00e3o pediu, mas a coordena\u00e7\u00e3o de Neto achou inoportuna a sua vinda, at\u00e9 porque as elei\u00e7\u00f5es ainda est\u00e3o longe e as posi\u00e7\u00f5es pol\u00edticas e candidaturas, ainda indefinidas. Rodrigo, entretanto, vai estar no Parque de Exposi\u00e7\u00f5es, acompanhado de apoiadores, amigos e familiares. \u00c9 hora de muita cautela.<\/p>\n<p>VEREADORES V\u00c3O MOBILIZAR SUAS BASES PARA RECEBER JER\u00d4NIMO?<\/p>\n<p>A base aliada do prefeito Eduardo Hagge na C\u00e2mara Municipal est\u00e1 na berlinda. Com raz\u00e3o, Eduardo exige a mobiliza\u00e7\u00e3o dos vereadores, juntamente com seus apoiadores e assessores, para fazer bonito na recep\u00e7\u00e3o ao governador. A base do prefeito na c\u00e2mara \u00e9 formada por 13 ou 14 edis, fora os &#8216;encostos&#8217;, que precisam mostrar for\u00e7a <em>&#8216;na hora da on\u00e7a beber \u00e1gua&#8217;<\/em>. Vamos reparar&#8230;<\/p>\n<p>BASE HIST\u00d3RICA DE JER\u00d4NIMO DEVE IR SEPARADA<\/p>\n<p>Pelas articula\u00e7\u00f5es da Casa Civil do governo, as \u00e1guas n\u00e3o ir\u00e3o se misturar durante a agenda do governador Jer\u00f4nimo em Itapetinga. Com o prefeito Eduardo, a programa\u00e7\u00e3o ser\u00e1 restrita aos an\u00fancios das obras de constru\u00e7\u00e3o da Policl\u00ednica e Hospital Regional; com Cida Moura (PSD) e sua turma, Jer\u00f4nimo deve inaugurar a Delegacia da Mulher, no Complexo Policial; no Parque de Exposi\u00e7\u00f5es, n\u00e3o tem jeito e a mistureba t\u00e1 liberada, mas a aposta \u00e9 de que o grupo do prefeito vai &#8216;engolir&#8217; a desarticulada oposi\u00e7\u00e3o. N\u00e3o temos d\u00favida&#8230;<\/p>\n","protected":false},"excerpt":{"rendered":"<p>EDUARDO VAI ENTREGAR \u00c1REA DA POLICL\u00cdNICA E HOSPITAL REGIONAL A grande expectativa neste per\u00edodo de Exposi\u00e7\u00e3o em Itapetinga, \u00e9 a vinda do governador Jer\u00f4nimo, que dever\u00e1 anunciar obras de vulto para a &#8216;Capital da Pecu\u00e1ria&#8217;. Policl\u00ednica Federal e Hospital Regional dever\u00e3o ser anunciadas pelo chefe do executivo baiano. Como n\u00e3o \u00e9 besta nem nada, o [&hellip;]<\/p>\n","protected":false},"author":2,"featured_media":121904,"comment_status":"closed","ping_status":"open","sticky":false,"template":"","format":"standard","meta":{"footnotes":"","_links_to":"","_links_to_target":""},"categories":[1],"tags":[],"class_list":["post-121898","post","type-post","status-publish","format-standard","has-post-thumbnail","hentry","category-geral"],"views":1028,"_links":{"self":[{"href":"https:\/\/www.sudoestehoje.com.br\/novoportal\/wp-json\/wp\/v2\/posts\/121898","targetHints":{"allow":["GET"]}}],"collection":[{"href":"https:\/\/www.sudoestehoje.com.br\/novoportal\/wp-json\/wp\/v2\/posts"}],"about":[{"href":"https:\/\/www.sudoestehoje.com.br\/novoportal\/wp-json\/wp\/v2\/types\/post"}],"author":[{"embeddable":true,"href":"https:\/\/www.sudoestehoje.com.br\/novoportal\/wp-json\/wp\/v2\/users\/2"}],"replies":[{"embeddable":true,"href":"https:\/\/www.sudoestehoje.com.br\/novoportal\/wp-json\/wp\/v2\/comments?post=121898"}],"version-history":[{"count":9,"href":"https:\/\/www.sudoestehoje.com.br\/novoportal\/wp-json\/wp\/v2\/posts\/121898\/revisions"}],"predecessor-version":[{"id":121908,"href":"https:\/\/www.sudoestehoje.com.br\/novoportal\/wp-json\/wp\/v2\/posts\/121898\/revisions\/121908"}],"wp:featuredmedia":[{"embeddable":true,"href":"https:\/\/www.sudoestehoje.com.br\/novoportal\/wp-json\/wp\/v2\/media\/121904"}],"wp:attachment":[{"href":"https:\/\/www.sudoestehoje.com.br\/novoportal\/wp-json\/wp\/v2\/media?parent=121898"}],"wp:term":[{"taxonomy":"category","embeddable":true,"href":"https:\/\/www.sudoestehoje.com.br\/novoportal\/wp-json\/wp\/v2\/categories?post=121898"},{"taxonomy":"post_tag","embeddable":true,"href":"https:\/\/www.sudoestehoje.com.br\/novoportal\/wp-json\/wp\/v2\/tags?post=121898"}],"curies":[{"name":"wp","href":"https:\/\/api.w.org\/{rel}","templated":true}]}}