
{"id":121892,"date":"2025-05-21T11:33:56","date_gmt":"2025-05-21T14:33:56","guid":{"rendered":"https:\/\/www.sudoestehoje.com.br\/novoportal\/?p=121892"},"modified":"2025-05-21T11:33:56","modified_gmt":"2025-05-21T14:33:56","slug":"ccj-do-senado-aprova-pec-que-acaba-com-reeleicao-para-presidente-governadores-e-prefeitos-2","status":"publish","type":"post","link":"https:\/\/www.sudoestehoje.com.br\/novoportal\/2025\/05\/21\/ccj-do-senado-aprova-pec-que-acaba-com-reeleicao-para-presidente-governadores-e-prefeitos-2\/","title":{"rendered":"CCJ DO SENADO APROVA PEC QUE ACABA COM REELEI\u00c7\u00c3O PARA PRESIDENTE, GOVERNADORES E PREFEITOS"},"content":{"rendered":"<div id=\"chunk-33j13\">\n<div class=\"mc-column content-text active-extra-styles \" data-block-type=\"unstyled\" data-block-weight=\"34\" data-block-id=\"3\">\n<p data-track-category=\"Link no Texto\" data-track-links=\"\" data-mrf-recirculation=\"Mat\u00e9ria - Links no Texto\"><img loading=\"lazy\" decoding=\"async\" class=\"alignnone  wp-image-121893\" src=\"https:\/\/www.sudoestehoje.com.br\/novoportal\/wp-content\/uploads\/2025\/05\/Imagem-do-WhatsApp-de-2025-05-21-as-11.29.44_265a9910.jpg\" alt=\"\" width=\"560\" height=\"294\" \/><\/p>\n<p class=\" content-text__container \" data-track-category=\"Link no Texto\" data-track-links=\"\" data-mrf-recirculation=\"Mat\u00e9ria - Links no Texto\">A Comiss\u00e3o de Constitui\u00e7\u00e3o e Justi\u00e7a (CCJ) do\u00a0Senado\u00a0aprovou nesta quarta-feira (21) o texto-base da\u00a0Proposta de Emenda \u00e0 Constitui\u00e7\u00e3o (PEC) que acaba com a reelei\u00e7\u00e3o\u00a0para prefeitos, governadores e presidente da Rep\u00fablica.<\/p>\n<\/div>\n<\/div>\n<div class=\"wall protected-content\">\n<div id=\"chunk-dfl1v\">\n<div class=\"mc-column content-text active-extra-styles \" data-block-type=\"unstyled\" data-block-weight=\"41\" data-block-id=\"5\">\n<p class=\" content-text__container \" data-track-category=\"Link no Texto\" data-track-links=\"\" data-mrf-recirculation=\"Mat\u00e9ria - Links no Texto\">Aprovado de forma simb\u00f3lica, o texto prop\u00f5e\u00a0<span class=\"highlight highlighted\">aumentar o tempo de mandato para todos os cargos eletivos<\/span>\u00a0(5 anos;\u00a0<em>entenda mais\u00a0<\/em><a class=\"\" href=\"https:\/\/g1.globo.com\/politica\/noticia\/2025\/05\/21\/ccj-senado-fim-da-reeleicao-avanca.ghtml#1\" data-mrf-link=\"https:\/\/g1.globo.com\/politica\/noticia\/2025\/05\/21\/ccj-senado-fim-da-reeleicao-avanca.ghtml\"><em>aqui<\/em><\/a>). Durante as discuss\u00f5es, o\u00a0colegiado optou por reduzir os mandatos de senadores a partir de 2030, para 5 anos.<\/p>\n<\/div>\n<\/div>\n<div id=\"chunk-479ql\">\n<div class=\"mc-column content-text active-extra-styles \" data-block-type=\"unstyled\" data-block-weight=\"21\" data-block-id=\"6\">\n<p class=\" content-text__container \" data-track-category=\"Link no Texto\" data-track-links=\"\" data-mrf-recirculation=\"Mat\u00e9ria - Links no Texto\">Al\u00e9m disso, a\u00a0PEC tamb\u00e9m unifica a data das elei\u00e7\u00f5es\u00a0municipais e gerais a partir de 2034 (<em>confira os detalhes\u00a0<\/em><a class=\"\" href=\"https:\/\/g1.globo.com\/politica\/noticia\/2025\/05\/21\/ccj-senado-fim-da-reeleicao-avanca.ghtml#2\" data-mrf-link=\"https:\/\/g1.globo.com\/politica\/noticia\/2025\/05\/21\/ccj-senado-fim-da-reeleicao-avanca.ghtml\"><em>aqui<\/em><\/a>).<\/p>\n<\/div>\n<\/div>\n<div id=\"chunk-a0kqd\">\n<div class=\"mc-column content-text active-extra-styles \" data-block-type=\"unstyled\" data-block-weight=\"41\" data-block-id=\"7\">\n<p class=\" content-text__container \" data-track-category=\"Link no Texto\" data-track-links=\"\" data-mrf-recirculation=\"Mat\u00e9ria - Links no Texto\">A proposta ser\u00e1, agora, enviada para vota\u00e7\u00e3o no plen\u00e1rio principal do Senado, onde ter\u00e1 de reunir ao menos 49 votos favor\u00e1veis, em dois turnos, para ser aprovada. Depois disso, para come\u00e7ar a valer, ainda precisar\u00e1 ser aprovada pela\u00a0C\u00e2mara dos Deputados.<\/p>\n<\/div>\n<\/div>\n<div id=\"chunk-5ukp6\">\n<div class=\"content-ads content-ads--reveal\" data-block-type=\"ads\" data-block-id=\"8\">A discuss\u00e3o sobre o fim da reelei\u00e7\u00e3o ganhou corpo nos corredores do Senado ao longo da gest\u00e3o de Rodrigo Pacheco (PSD-MG)\u00a0\u00e0 frente da Casa.<\/div>\n<\/div>\n<div id=\"chunk-fmhod\">\n<div class=\"mc-column content-text active-extra-styles \" data-block-type=\"unstyled\" data-block-weight=\"36\" data-block-id=\"10\">\n<p class=\" content-text__container \" data-track-category=\"Link no Texto\" data-track-links=\"\" data-mrf-recirculation=\"Mat\u00e9ria - Links no Texto\">Ao longo dos \u00faltimos meses, l\u00edderes partid\u00e1rios de diferentes espectros passaram a defender a an\u00e1lise de uma proposta para p\u00f4r fim ao instrumento.\u00a0Da direita \u00e0 esquerda, senadores t\u00eam afirmado que consideram a reelei\u00e7\u00e3o um &#8220;equ\u00edvoco&#8221;.<\/p>\n<\/div>\n<\/div>\n<div id=\"chunk-doobq\">\n<div class=\"mc-column content-text active-extra-styles \" data-block-type=\"unstyled\" data-block-weight=\"14\" data-block-id=\"11\">\n<p class=\" content-text__container \" data-track-category=\"Link no Texto\" data-track-links=\"\" data-mrf-recirculation=\"Mat\u00e9ria - Links no Texto\">A\u00a0<span class=\"highlight highlighted\">PEC aprovada pela CCJ estabelece marcos diferentes<\/span>\u00a0para enterrar a recondu\u00e7\u00e3o no Executivo:<\/p>\n<\/div>\n<\/div>\n<div id=\"chunk-bnge2\">\n<div class=\"mc-column content-text active-extra-styles \" data-block-type=\"unstyled\" data-block-weight=\"38\" data-block-id=\"12\">\n<p class=\" content-text__container \" data-track-category=\"Link no Texto\" data-track-links=\"\" data-mrf-recirculation=\"Mat\u00e9ria - Links no Texto\">&#x27a1;&#xfe0f; Prefeitos:\u00a0poder\u00e3o se candidatar \u00e0 recondu\u00e7\u00e3o pela \u00faltima vez em 2028, desde que tenham sido eleitos para um primeiro mandato em 2024.\u00a0De 2028 para frente, novos eleitos para prefeituras n\u00e3o poder\u00e3o mais se candidatar \u00e0 reelei\u00e7\u00e3o.<\/p>\n<\/div>\n<\/div>\n<div id=\"chunk-5d37f\">\n<div class=\"mc-column content-text active-extra-styles \" data-block-type=\"unstyled\" data-block-weight=\"33\" data-block-id=\"13\">\n<p class=\" content-text__container \" data-track-category=\"Link no Texto\" data-track-links=\"\" data-mrf-recirculation=\"Mat\u00e9ria - Links no Texto\">&#x27a1;&#xfe0f; Governadores:\u00a0poder\u00e3o se candidatar \u00e0 reelei\u00e7\u00e3o pela \u00faltima vez em 2030, desde que sejam eleitos para um primeiro mandato em 2026.\u00a0De 2030 para frente, novos eleitos n\u00e3o poder\u00e3o mais ser reconduzidos.<\/p>\n<\/div>\n<\/div>\n<div id=\"chunk-38poq\">\n<div class=\"mc-column content-text active-extra-styles \" data-block-type=\"unstyled\" data-block-weight=\"36\" data-block-id=\"14\">\n<p class=\" content-text__container \" data-track-category=\"Link no Texto\" data-track-links=\"\" data-mrf-recirculation=\"Mat\u00e9ria - Links no Texto\">&#x27a1;&#xfe0f;\u00a0Presidente da Rep\u00fablica:\u00a0tamb\u00e9m poder\u00e1 se candidatar \u00e0 reelei\u00e7\u00e3o pela \u00faltima vez em 2030, desde que seja eleito para um primeiro mandato em 2026.\u00a0De 2030 para frente, novos eleitos n\u00e3o poder\u00e3o mais ser reconduzidos.<\/p>\n<\/div>\n<\/div>\n<div id=\"chunk-9lndi\">\n<div class=\"mc-column content-text active-extra-styles \" data-block-type=\"unstyled\" data-block-weight=\"13\" data-block-id=\"15\">\n<p class=\" content-text__container \" data-track-category=\"Link no Texto\" data-track-links=\"\" data-mrf-recirculation=\"Mat\u00e9ria - Links no Texto\">&#x27a1;&#xfe0f;\u00a0Vereadores, deputados e senadores seguir\u00e3o sem impedimentos\u00a0para se candidatar \u00e0 recondu\u00e7\u00e3o.<\/p>\n<\/div>\n<\/div>\n<div id=\"chunk-fjf16\">\n<div class=\"mc-column content-text active-extra-styles \" data-block-type=\"unstyled\" data-block-weight=\"43\" data-block-id=\"16\">\n<p class=\" content-text__container \" data-track-category=\"Link no Texto\" data-track-links=\"\" data-mrf-recirculation=\"Mat\u00e9ria - Links no Texto\">A possibilidade de um chefe do Executivo se reeleger foi introduzida por uma emenda constitucional de 1997. \u00c0 \u00e9poca, a mudan\u00e7a possibilitou que o ent\u00e3o presidente\u00a0Fernando Henrique Cardoso\u00a0(PSDB) pudesse se candidatar a um segundo mandato e ser reeleito no ano seguinte.<\/p>\n<\/div>\n<\/div>\n<\/div>\n","protected":false},"excerpt":{"rendered":"<p>A Comiss\u00e3o de Constitui\u00e7\u00e3o e Justi\u00e7a (CCJ) do\u00a0Senado\u00a0aprovou nesta quarta-feira (21) o texto-base da\u00a0Proposta de Emenda \u00e0 Constitui\u00e7\u00e3o (PEC) que acaba com a reelei\u00e7\u00e3o\u00a0para prefeitos, governadores e presidente da Rep\u00fablica. Aprovado de forma simb\u00f3lica, o texto prop\u00f5e\u00a0aumentar o tempo de mandato para todos os cargos eletivos\u00a0(5 anos;\u00a0entenda mais\u00a0aqui). Durante as discuss\u00f5es, o\u00a0colegiado optou por reduzir [&hellip;]<\/p>\n","protected":false},"author":2,"featured_media":121893,"comment_status":"closed","ping_status":"open","sticky":false,"template":"","format":"standard","meta":{"footnotes":"","_links_to":"","_links_to_target":""},"categories":[1],"tags":[],"class_list":["post-121892","post","type-post","status-publish","format-standard","has-post-thumbnail","hentry","category-geral"],"views":1120,"_links":{"self":[{"href":"https:\/\/www.sudoestehoje.com.br\/novoportal\/wp-json\/wp\/v2\/posts\/121892","targetHints":{"allow":["GET"]}}],"collection":[{"href":"https:\/\/www.sudoestehoje.com.br\/novoportal\/wp-json\/wp\/v2\/posts"}],"about":[{"href":"https:\/\/www.sudoestehoje.com.br\/novoportal\/wp-json\/wp\/v2\/types\/post"}],"author":[{"embeddable":true,"href":"https:\/\/www.sudoestehoje.com.br\/novoportal\/wp-json\/wp\/v2\/users\/2"}],"replies":[{"embeddable":true,"href":"https:\/\/www.sudoestehoje.com.br\/novoportal\/wp-json\/wp\/v2\/comments?post=121892"}],"version-history":[{"count":1,"href":"https:\/\/www.sudoestehoje.com.br\/novoportal\/wp-json\/wp\/v2\/posts\/121892\/revisions"}],"predecessor-version":[{"id":121894,"href":"https:\/\/www.sudoestehoje.com.br\/novoportal\/wp-json\/wp\/v2\/posts\/121892\/revisions\/121894"}],"wp:featuredmedia":[{"embeddable":true,"href":"https:\/\/www.sudoestehoje.com.br\/novoportal\/wp-json\/wp\/v2\/media\/121893"}],"wp:attachment":[{"href":"https:\/\/www.sudoestehoje.com.br\/novoportal\/wp-json\/wp\/v2\/media?parent=121892"}],"wp:term":[{"taxonomy":"category","embeddable":true,"href":"https:\/\/www.sudoestehoje.com.br\/novoportal\/wp-json\/wp\/v2\/categories?post=121892"},{"taxonomy":"post_tag","embeddable":true,"href":"https:\/\/www.sudoestehoje.com.br\/novoportal\/wp-json\/wp\/v2\/tags?post=121892"}],"curies":[{"name":"wp","href":"https:\/\/api.w.org\/{rel}","templated":true}]}}