
{"id":12189,"date":"2012-01-17T09:47:32","date_gmt":"2012-01-17T12:47:32","guid":{"rendered":"http:\/\/www.sudoestehoje.com.br\/novoportal\/?p=12189"},"modified":"2012-01-17T09:47:32","modified_gmt":"2012-01-17T12:47:32","slug":"itabuna-ministerio-publico-pede-afastamento-de-tres-vereadores","status":"publish","type":"post","link":"https:\/\/www.sudoestehoje.com.br\/novoportal\/2012\/01\/17\/itabuna-ministerio-publico-pede-afastamento-de-tres-vereadores\/","title":{"rendered":"ITABUNA: MINIST\u00c9RIO P\u00daBLICO PEDE AFASTAMENTO DE TR\u00caS VEREADORES"},"content":{"rendered":"<p style=\"text-align: center;\"><img decoding=\"async\" class=\"aligncenter\" src=\"http:\/\/1.bp.blogspot.com\/_zqbQXAFH2SQ\/TTBoB5y_R4I\/AAAAAAAAAE0\/s8Y9qawN5GU\/s1600\/1295009213.jpg\" alt=\"\" width=\"400\" \/><\/p>\n<p style=\"text-align: center;\"><em><strong>Loiola, Bacelar e Roberto de Souza est\u00e3o na mira da justi\u00e7a<\/strong><\/em><\/p>\n<p>O promotor Inoc\u00eancio Carvalho \u00e9 autor de a\u00e7\u00e3o civil p\u00fablica que pede o afastamento e o bloqueio de bens de tr\u00eas vereadores de Itabuna. Est\u00e3o na mira do Minist\u00e9rio P\u00fablico os vereadores Cl\u00f3vis Loiola, Roberto de Souza e Ricardo Bacelar, acusados de montar esquemas que desviaram pelo menos R$ 3 milh\u00f5es. A roubalheira teria ocorrido nos dois anos (2009 e 2010) em que Loiola presidiu o legislativo municipal, tendo Roberto de Souza como primeiro secret\u00e1rio.<\/p>\n<p>A a\u00e7\u00e3o civil p\u00fablica foi encaminhada pelo promotor ao juiz da 2\u00aa Vara C\u00edvel, Comercial e da Fazenda P\u00fablica\u00a0de Itabuna, Gustavo Pequeno. Nela, os vereadores e mais quatro pessoas s\u00e3o apontadas por envolvimento em uma rede de fraudes em processos licitat\u00f3rios que tinham como objeto a contrata\u00e7\u00e3o de servi\u00e7os para o legislativo.\u00a0O empres\u00e1rio Rui Barbosa,\u00a0da Mosaico \u2013 F\u00e1brica de Resultados, tamb\u00e9m estaria envolvido.<\/p>\n<p>O promotor tamb\u00e9m denunciou \u00e0 justi\u00e7a o ex-diretor de Recursos Humanos da C\u00e2mara, Kleber Ferreira; o ex-diretor administrativo Alisson Cerqueira e tr\u00eas assessores. Dois deles (Jos\u00e9 Rodrigues e Ant\u00f4nio Jos\u00e9 Pinto Muniz) s\u00e3o ligados a Roberto de Souza. O terceiro (Eduardo Freire de Menezes), era chefe de gabinete do ent\u00e3o presidente Cl\u00f3vis Loiola.<\/p>\n<p>Carvalho pediu que a justi\u00e7a decrete\u00a0a\u00a0indisponibilidade dos bens de todos os suspeitos, bem como a quebra de seus sigilos banc\u00e1rios, fiscal e telef\u00f4nico.<\/p>\n<p><em><strong>PIMENTA<\/strong><\/em><\/p>\n","protected":false},"excerpt":{"rendered":"<p>Loiola, Bacelar e Roberto de Souza est\u00e3o na mira da justi\u00e7a O promotor Inoc\u00eancio Carvalho \u00e9 autor de a\u00e7\u00e3o civil p\u00fablica que pede o afastamento e o bloqueio de bens de tr\u00eas vereadores de Itabuna. Est\u00e3o na mira do Minist\u00e9rio P\u00fablico os vereadores Cl\u00f3vis Loiola, Roberto de Souza e Ricardo Bacelar, acusados de montar esquemas [&hellip;]<\/p>\n","protected":false},"author":2,"featured_media":0,"comment_status":"open","ping_status":"open","sticky":false,"template":"","format":"standard","meta":{"footnotes":"","_links_to":"","_links_to_target":""},"categories":[1],"tags":[],"class_list":["post-12189","post","type-post","status-publish","format-standard","hentry","category-geral"],"views":1241,"_links":{"self":[{"href":"https:\/\/www.sudoestehoje.com.br\/novoportal\/wp-json\/wp\/v2\/posts\/12189","targetHints":{"allow":["GET"]}}],"collection":[{"href":"https:\/\/www.sudoestehoje.com.br\/novoportal\/wp-json\/wp\/v2\/posts"}],"about":[{"href":"https:\/\/www.sudoestehoje.com.br\/novoportal\/wp-json\/wp\/v2\/types\/post"}],"author":[{"embeddable":true,"href":"https:\/\/www.sudoestehoje.com.br\/novoportal\/wp-json\/wp\/v2\/users\/2"}],"replies":[{"embeddable":true,"href":"https:\/\/www.sudoestehoje.com.br\/novoportal\/wp-json\/wp\/v2\/comments?post=12189"}],"version-history":[{"count":3,"href":"https:\/\/www.sudoestehoje.com.br\/novoportal\/wp-json\/wp\/v2\/posts\/12189\/revisions"}],"predecessor-version":[{"id":12192,"href":"https:\/\/www.sudoestehoje.com.br\/novoportal\/wp-json\/wp\/v2\/posts\/12189\/revisions\/12192"}],"wp:attachment":[{"href":"https:\/\/www.sudoestehoje.com.br\/novoportal\/wp-json\/wp\/v2\/media?parent=12189"}],"wp:term":[{"taxonomy":"category","embeddable":true,"href":"https:\/\/www.sudoestehoje.com.br\/novoportal\/wp-json\/wp\/v2\/categories?post=12189"},{"taxonomy":"post_tag","embeddable":true,"href":"https:\/\/www.sudoestehoje.com.br\/novoportal\/wp-json\/wp\/v2\/tags?post=12189"}],"curies":[{"name":"wp","href":"https:\/\/api.w.org\/{rel}","templated":true}]}}