
{"id":121865,"date":"2025-05-20T10:24:45","date_gmt":"2025-05-20T13:24:45","guid":{"rendered":"https:\/\/www.sudoestehoje.com.br\/novoportal\/?p=121865"},"modified":"2025-05-20T10:24:45","modified_gmt":"2025-05-20T13:24:45","slug":"camara-vota-nesta-quarta-projeto-que-autoriza-aquisicao-de-terreno-para-policlinica-e-hospital-regional-de-itapetinga","status":"publish","type":"post","link":"https:\/\/www.sudoestehoje.com.br\/novoportal\/2025\/05\/20\/camara-vota-nesta-quarta-projeto-que-autoriza-aquisicao-de-terreno-para-policlinica-e-hospital-regional-de-itapetinga\/","title":{"rendered":"C\u00c2MARA VOTA NESTA QUARTA PROJETO QUE AUTORIZA AQUISI\u00c7\u00c3O DE TERRENO PARA POLICL\u00cdNICA E HOSPITAL REGIONAL DE ITAPETINGA"},"content":{"rendered":"<p><img loading=\"lazy\" decoding=\"async\" class=\"alignnone  wp-image-121867\" src=\"https:\/\/www.sudoestehoje.com.br\/novoportal\/wp-content\/uploads\/2025\/05\/policlinica-de-itapetinga.jpg\" alt=\"\" width=\"560\" height=\"336\" \/><\/p>\n<p>Tramita na C\u00e2mara de Vereadores de Itapetinga o projeto de lei que autoriza ao munic\u00edpio permutar \u00e1reas institucionais no Loteamento Turmalina, para aquisi\u00e7\u00e3o de um terreno destinado \u00e0 constru\u00e7\u00e3o da Policl\u00ednica e Hospital Regional, pelo Governo do Estado.<\/p>\n<p>A \u00e1rea de 50.000 metros quadrados, assim que adquirida pelo munic\u00edpio, ser\u00e1 objeto de doa\u00e7\u00e3o \u00e0 Secretaria de Sa\u00fade do Estado (SESAB), para esta finalidade, conforme negocia\u00e7\u00e3o entre o prefeito Eduardo Hagge e o governador Jer\u00f4nimo Rodrigues.<\/p>\n<p>De acordo com a secretaria da c\u00e2mara, o projeto ser\u00e1 pautado para discuss\u00e3o e vota\u00e7\u00e3o nesta quarta-feira (21) e assim que for aprovado em plen\u00e1rio dever\u00e1 ser sancionado pelo chefe do executivo.<\/p>\n<p>Por Davi Ferraz<\/p>\n","protected":false},"excerpt":{"rendered":"<p>Tramita na C\u00e2mara de Vereadores de Itapetinga o projeto de lei que autoriza ao munic\u00edpio permutar \u00e1reas institucionais no Loteamento Turmalina, para aquisi\u00e7\u00e3o de um terreno destinado \u00e0 constru\u00e7\u00e3o da Policl\u00ednica e Hospital Regional, pelo Governo do Estado. A \u00e1rea de 50.000 metros quadrados, assim que adquirida pelo munic\u00edpio, ser\u00e1 objeto de doa\u00e7\u00e3o \u00e0 Secretaria [&hellip;]<\/p>\n","protected":false},"author":2,"featured_media":121867,"comment_status":"closed","ping_status":"open","sticky":false,"template":"","format":"standard","meta":{"footnotes":"","_links_to":"","_links_to_target":""},"categories":[1],"tags":[],"class_list":["post-121865","post","type-post","status-publish","format-standard","has-post-thumbnail","hentry","category-geral"],"views":1347,"_links":{"self":[{"href":"https:\/\/www.sudoestehoje.com.br\/novoportal\/wp-json\/wp\/v2\/posts\/121865","targetHints":{"allow":["GET"]}}],"collection":[{"href":"https:\/\/www.sudoestehoje.com.br\/novoportal\/wp-json\/wp\/v2\/posts"}],"about":[{"href":"https:\/\/www.sudoestehoje.com.br\/novoportal\/wp-json\/wp\/v2\/types\/post"}],"author":[{"embeddable":true,"href":"https:\/\/www.sudoestehoje.com.br\/novoportal\/wp-json\/wp\/v2\/users\/2"}],"replies":[{"embeddable":true,"href":"https:\/\/www.sudoestehoje.com.br\/novoportal\/wp-json\/wp\/v2\/comments?post=121865"}],"version-history":[{"count":3,"href":"https:\/\/www.sudoestehoje.com.br\/novoportal\/wp-json\/wp\/v2\/posts\/121865\/revisions"}],"predecessor-version":[{"id":121869,"href":"https:\/\/www.sudoestehoje.com.br\/novoportal\/wp-json\/wp\/v2\/posts\/121865\/revisions\/121869"}],"wp:featuredmedia":[{"embeddable":true,"href":"https:\/\/www.sudoestehoje.com.br\/novoportal\/wp-json\/wp\/v2\/media\/121867"}],"wp:attachment":[{"href":"https:\/\/www.sudoestehoje.com.br\/novoportal\/wp-json\/wp\/v2\/media?parent=121865"}],"wp:term":[{"taxonomy":"category","embeddable":true,"href":"https:\/\/www.sudoestehoje.com.br\/novoportal\/wp-json\/wp\/v2\/categories?post=121865"},{"taxonomy":"post_tag","embeddable":true,"href":"https:\/\/www.sudoestehoje.com.br\/novoportal\/wp-json\/wp\/v2\/tags?post=121865"}],"curies":[{"name":"wp","href":"https:\/\/api.w.org\/{rel}","templated":true}]}}