
{"id":121858,"date":"2025-05-19T20:07:37","date_gmt":"2025-05-19T23:07:37","guid":{"rendered":"https:\/\/www.sudoestehoje.com.br\/novoportal\/?p=121858"},"modified":"2025-05-19T20:07:37","modified_gmt":"2025-05-19T23:07:37","slug":"governador-jeronimo-confirma-visita-a-itapetinga-no-proximo-sabado","status":"publish","type":"post","link":"https:\/\/www.sudoestehoje.com.br\/novoportal\/2025\/05\/19\/governador-jeronimo-confirma-visita-a-itapetinga-no-proximo-sabado\/","title":{"rendered":"GOVERNADOR JER\u00d4NIMO CONFIRMA VISITA A ITAPETINGA NO PR\u00d3XIMO S\u00c1BADO"},"content":{"rendered":"<p><img loading=\"lazy\" decoding=\"async\" class=\"alignnone  wp-image-121859\" src=\"https:\/\/www.sudoestehoje.com.br\/novoportal\/wp-content\/uploads\/2025\/05\/jeronimo-eduardo-1.jpg\" alt=\"\" width=\"558\" height=\"376\" \/><\/p>\n<p>No pr\u00f3ximo s\u00e1bado (24), o governador Jer\u00f4nimo Rodrigues e sua comitiva estar\u00e3o visitando o munic\u00edpio de Itapetinga, durante a realiza\u00e7\u00e3o da 53\u00aa Exposi\u00e7\u00e3o Agropecu\u00e1ria.<\/p>\n<p>A informa\u00e7\u00e3o foi confirmada ao<strong><em> Sudoeste Hoje<\/em><\/strong> pelo prefeito Eduardo Hagge que j\u00e1 est\u00e1 preparando uma grande recep\u00e7\u00e3o para o chefe do executivo estadual, na sua chegada \u00e0 cidade e visita ao Parque de Exposi\u00e7\u00f5es, a partir da 15h.<\/p>\n<p>Durante o evento, Jer\u00f4nimo dever\u00e1 anunciar algumas novidades para o munic\u00edpio de Itapetinga, como o in\u00edcio da constru\u00e7\u00e3o da Policl\u00ednica e do Hospital Regional, cujo terreno ser\u00e1 doado pelo munic\u00edpio, por iniciativa do prefeito Eduardo.<\/p>\n<p>Toda a milit\u00e2ncia do MDB e partidos aliados ser\u00e1 convocada a participar desse importante momento.<\/p>\n<p>Por Davi Ferraz<\/p>\n","protected":false},"excerpt":{"rendered":"<p>No pr\u00f3ximo s\u00e1bado (24), o governador Jer\u00f4nimo Rodrigues e sua comitiva estar\u00e3o visitando o munic\u00edpio de Itapetinga, durante a realiza\u00e7\u00e3o da 53\u00aa Exposi\u00e7\u00e3o Agropecu\u00e1ria. A informa\u00e7\u00e3o foi confirmada ao Sudoeste Hoje pelo prefeito Eduardo Hagge que j\u00e1 est\u00e1 preparando uma grande recep\u00e7\u00e3o para o chefe do executivo estadual, na sua chegada \u00e0 cidade e visita [&hellip;]<\/p>\n","protected":false},"author":2,"featured_media":121859,"comment_status":"closed","ping_status":"open","sticky":false,"template":"","format":"standard","meta":{"footnotes":"","_links_to":"","_links_to_target":""},"categories":[1],"tags":[],"class_list":["post-121858","post","type-post","status-publish","format-standard","has-post-thumbnail","hentry","category-geral"],"views":1121,"_links":{"self":[{"href":"https:\/\/www.sudoestehoje.com.br\/novoportal\/wp-json\/wp\/v2\/posts\/121858","targetHints":{"allow":["GET"]}}],"collection":[{"href":"https:\/\/www.sudoestehoje.com.br\/novoportal\/wp-json\/wp\/v2\/posts"}],"about":[{"href":"https:\/\/www.sudoestehoje.com.br\/novoportal\/wp-json\/wp\/v2\/types\/post"}],"author":[{"embeddable":true,"href":"https:\/\/www.sudoestehoje.com.br\/novoportal\/wp-json\/wp\/v2\/users\/2"}],"replies":[{"embeddable":true,"href":"https:\/\/www.sudoestehoje.com.br\/novoportal\/wp-json\/wp\/v2\/comments?post=121858"}],"version-history":[{"count":2,"href":"https:\/\/www.sudoestehoje.com.br\/novoportal\/wp-json\/wp\/v2\/posts\/121858\/revisions"}],"predecessor-version":[{"id":121861,"href":"https:\/\/www.sudoestehoje.com.br\/novoportal\/wp-json\/wp\/v2\/posts\/121858\/revisions\/121861"}],"wp:featuredmedia":[{"embeddable":true,"href":"https:\/\/www.sudoestehoje.com.br\/novoportal\/wp-json\/wp\/v2\/media\/121859"}],"wp:attachment":[{"href":"https:\/\/www.sudoestehoje.com.br\/novoportal\/wp-json\/wp\/v2\/media?parent=121858"}],"wp:term":[{"taxonomy":"category","embeddable":true,"href":"https:\/\/www.sudoestehoje.com.br\/novoportal\/wp-json\/wp\/v2\/categories?post=121858"},{"taxonomy":"post_tag","embeddable":true,"href":"https:\/\/www.sudoestehoje.com.br\/novoportal\/wp-json\/wp\/v2\/tags?post=121858"}],"curies":[{"name":"wp","href":"https:\/\/api.w.org\/{rel}","templated":true}]}}