
{"id":121843,"date":"2025-05-19T18:26:45","date_gmt":"2025-05-19T21:26:45","guid":{"rendered":"https:\/\/www.sudoestehoje.com.br\/novoportal\/?p=121843"},"modified":"2025-05-19T18:26:45","modified_gmt":"2025-05-19T21:26:45","slug":"ednaldo-rodrigues-retira-recurso-no-stf-e-desiste-de-voltar-a-cbf","status":"publish","type":"post","link":"https:\/\/www.sudoestehoje.com.br\/novoportal\/2025\/05\/19\/ednaldo-rodrigues-retira-recurso-no-stf-e-desiste-de-voltar-a-cbf\/","title":{"rendered":"EDNALDO RODRIGUES RETIRA RECURSO NO STF E DESISTE DE VOLTAR \u00c0 CBF"},"content":{"rendered":"<p><img loading=\"lazy\" decoding=\"async\" class=\"alignnone  wp-image-121845\" src=\"https:\/\/www.sudoestehoje.com.br\/novoportal\/wp-content\/uploads\/2025\/05\/Ednaldo-Rodrigues1.jpg\" alt=\"\" width=\"559\" height=\"315\" \/><\/p>\n<p>A defesa de Ednaldo Rodrigues, ex-presidente da Confedera\u00e7\u00e3o Brasileira de Futebol (CBF), comunicou ao Supremo Tribunal Federal (STF) nesta segunda-feira (19) que desistiu do recurso contra a decis\u00e3o do Tribunal de Justi\u00e7a do Rio de Janeiro, que o afastou da presid\u00eancia da entidade.<\/p>\n<p>A CNN teve acesso ao documento que os advogados encaminharam ao ministro Gilmar Mendes, relator das a\u00e7\u00f5es relacionadas ao comando da CBF no STF. Com a iniciativa, a defesa mudou a estrat\u00e9gia jur\u00eddica e optou por encerrar a disputa judicial iniciada ap\u00f3s a destitui\u00e7\u00e3o de Ednaldo.<\/p>\n<p>Na manifesta\u00e7\u00e3o, os advogados afirmam que Ednaldo tomou a decis\u00e3o \u201cmovido pelo profundo desejo de restaurar a paz no futebol brasileiro\u201d.<\/p>\n<p>Eles tamb\u00e9m destacam o impacto pessoal da crise institucional. \u201cSua vida familiar tem sido abalada por equ\u00edvocos p\u00fablicos, interpreta\u00e7\u00f5es distorcidas e insinua\u00e7\u00f5es injustas, maledicentes e criminosas\u201d, dizem.<\/p>\n<p>A defesa atribui os ataques \u00e0 insatisfa\u00e7\u00e3o de setores que resistem \u00e0s mudan\u00e7as na gest\u00e3o da entidade. Segundo os advogados, as insinua\u00e7\u00f5es partem de \u201cdiversos grupos, que nunca se contentaram com o fato de o futebol brasileiro ter rompido com oligarquias e de passar a ter transpar\u00eancia e governan\u00e7a, grupos estes que n\u00e3o medem esfor\u00e7os em lhe causaram dor\u201d.<\/p>\n<p>CNN Brasil\/Divulga\u00e7\u00e3o\/CBF<\/p>\n","protected":false},"excerpt":{"rendered":"<p>A defesa de Ednaldo Rodrigues, ex-presidente da Confedera\u00e7\u00e3o Brasileira de Futebol (CBF), comunicou ao Supremo Tribunal Federal (STF) nesta segunda-feira (19) que desistiu do recurso contra a decis\u00e3o do Tribunal de Justi\u00e7a do Rio de Janeiro, que o afastou da presid\u00eancia da entidade. A CNN teve acesso ao documento que os advogados encaminharam ao ministro [&hellip;]<\/p>\n","protected":false},"author":2,"featured_media":121845,"comment_status":"closed","ping_status":"open","sticky":false,"template":"","format":"standard","meta":{"footnotes":"","_links_to":"","_links_to_target":""},"categories":[1],"tags":[],"class_list":["post-121843","post","type-post","status-publish","format-standard","has-post-thumbnail","hentry","category-geral"],"views":431,"_links":{"self":[{"href":"https:\/\/www.sudoestehoje.com.br\/novoportal\/wp-json\/wp\/v2\/posts\/121843","targetHints":{"allow":["GET"]}}],"collection":[{"href":"https:\/\/www.sudoestehoje.com.br\/novoportal\/wp-json\/wp\/v2\/posts"}],"about":[{"href":"https:\/\/www.sudoestehoje.com.br\/novoportal\/wp-json\/wp\/v2\/types\/post"}],"author":[{"embeddable":true,"href":"https:\/\/www.sudoestehoje.com.br\/novoportal\/wp-json\/wp\/v2\/users\/2"}],"replies":[{"embeddable":true,"href":"https:\/\/www.sudoestehoje.com.br\/novoportal\/wp-json\/wp\/v2\/comments?post=121843"}],"version-history":[{"count":3,"href":"https:\/\/www.sudoestehoje.com.br\/novoportal\/wp-json\/wp\/v2\/posts\/121843\/revisions"}],"predecessor-version":[{"id":121847,"href":"https:\/\/www.sudoestehoje.com.br\/novoportal\/wp-json\/wp\/v2\/posts\/121843\/revisions\/121847"}],"wp:featuredmedia":[{"embeddable":true,"href":"https:\/\/www.sudoestehoje.com.br\/novoportal\/wp-json\/wp\/v2\/media\/121845"}],"wp:attachment":[{"href":"https:\/\/www.sudoestehoje.com.br\/novoportal\/wp-json\/wp\/v2\/media?parent=121843"}],"wp:term":[{"taxonomy":"category","embeddable":true,"href":"https:\/\/www.sudoestehoje.com.br\/novoportal\/wp-json\/wp\/v2\/categories?post=121843"},{"taxonomy":"post_tag","embeddable":true,"href":"https:\/\/www.sudoestehoje.com.br\/novoportal\/wp-json\/wp\/v2\/tags?post=121843"}],"curies":[{"name":"wp","href":"https:\/\/api.w.org\/{rel}","templated":true}]}}