
{"id":12184,"date":"2012-01-16T23:03:52","date_gmt":"2012-01-17T02:03:52","guid":{"rendered":"http:\/\/www.sudoestehoje.com.br\/novoportal\/?p=12184"},"modified":"2012-01-16T23:03:52","modified_gmt":"2012-01-17T02:03:52","slug":"nem-para-sindico","status":"publish","type":"post","link":"https:\/\/www.sudoestehoje.com.br\/novoportal\/2012\/01\/16\/nem-para-sindico\/","title":{"rendered":"NEM PARA S\u00cdNDICO"},"content":{"rendered":"<p style=\"text-align: center;\"><img decoding=\"async\" class=\"aligncenter\" src=\"http:\/\/www.bocaonews.com.br\/ckfinder\/userfiles\/images\/Geral\/geddel1.jpg\" alt=\"\" width=\"150\" \/><\/p>\n<p>De acordo com a revista <em>Isto \u00c9<\/em>, o prest\u00edgio do ex-ministro Geddel Vieira Lima, que foi acomodado numa vice-presid\u00eancia da Caixa, anda mesmo em baixa. Morador do condom\u00ednio de luxo Interlagos, na famosa praia baiana de Arembepe, Geddel lan\u00e7ou candidatura para s\u00edndico. Mesmo com toda pompa e circunst\u00e2ncia, acabou sendo derrotado. E logo por um correligion\u00e1rio do governador Jaques Wagner, com quem rompeu rela\u00e7\u00f5es h\u00e1 dois anos. Lascou de vez&#8230;<\/p>\n","protected":false},"excerpt":{"rendered":"<p>De acordo com a revista Isto \u00c9, o prest\u00edgio do ex-ministro Geddel Vieira Lima, que foi acomodado numa vice-presid\u00eancia da Caixa, anda mesmo em baixa. Morador do condom\u00ednio de luxo Interlagos, na famosa praia baiana de Arembepe, Geddel lan\u00e7ou candidatura para s\u00edndico. Mesmo com toda pompa e circunst\u00e2ncia, acabou sendo derrotado. E logo por um [&hellip;]<\/p>\n","protected":false},"author":2,"featured_media":0,"comment_status":"open","ping_status":"open","sticky":false,"template":"","format":"standard","meta":{"footnotes":"","_links_to":"","_links_to_target":""},"categories":[11],"tags":[],"class_list":["post-12184","post","type-post","status-publish","format-standard","hentry","category-quentinhas"],"views":1125,"_links":{"self":[{"href":"https:\/\/www.sudoestehoje.com.br\/novoportal\/wp-json\/wp\/v2\/posts\/12184","targetHints":{"allow":["GET"]}}],"collection":[{"href":"https:\/\/www.sudoestehoje.com.br\/novoportal\/wp-json\/wp\/v2\/posts"}],"about":[{"href":"https:\/\/www.sudoestehoje.com.br\/novoportal\/wp-json\/wp\/v2\/types\/post"}],"author":[{"embeddable":true,"href":"https:\/\/www.sudoestehoje.com.br\/novoportal\/wp-json\/wp\/v2\/users\/2"}],"replies":[{"embeddable":true,"href":"https:\/\/www.sudoestehoje.com.br\/novoportal\/wp-json\/wp\/v2\/comments?post=12184"}],"version-history":[{"count":2,"href":"https:\/\/www.sudoestehoje.com.br\/novoportal\/wp-json\/wp\/v2\/posts\/12184\/revisions"}],"predecessor-version":[{"id":12186,"href":"https:\/\/www.sudoestehoje.com.br\/novoportal\/wp-json\/wp\/v2\/posts\/12184\/revisions\/12186"}],"wp:attachment":[{"href":"https:\/\/www.sudoestehoje.com.br\/novoportal\/wp-json\/wp\/v2\/media?parent=12184"}],"wp:term":[{"taxonomy":"category","embeddable":true,"href":"https:\/\/www.sudoestehoje.com.br\/novoportal\/wp-json\/wp\/v2\/categories?post=12184"},{"taxonomy":"post_tag","embeddable":true,"href":"https:\/\/www.sudoestehoje.com.br\/novoportal\/wp-json\/wp\/v2\/tags?post=12184"}],"curies":[{"name":"wp","href":"https:\/\/api.w.org\/{rel}","templated":true}]}}