
{"id":121712,"date":"2025-05-12T09:21:59","date_gmt":"2025-05-12T12:21:59","guid":{"rendered":"https:\/\/www.sudoestehoje.com.br\/novoportal\/?p=121712"},"modified":"2025-05-12T11:04:43","modified_gmt":"2025-05-12T14:04:43","slug":"sao-joao-ticomia-resiste-como-um-dos-unicos-forros-privados-da-bahia","status":"publish","type":"post","link":"https:\/\/www.sudoestehoje.com.br\/novoportal\/2025\/05\/12\/sao-joao-ticomia-resiste-como-um-dos-unicos-forros-privados-da-bahia\/","title":{"rendered":"S\u00c3O JO\u00c3O | TICOMIA RESISTE COMO UM DOS \u00daNICOS FORR\u00d3S PRIVADOS DA BAHIA"},"content":{"rendered":"<p><img loading=\"lazy\" decoding=\"async\" class=\"alignnone wp-image-121713\" src=\"https:\/\/www.sudoestehoje.com.br\/novoportal\/wp-content\/uploads\/2025\/05\/Imagem-do-WhatsApp-de-2025-05-12-as-09.14.31_00079795.jpg\" alt=\"\" width=\"560\" height=\"566\" \/><\/p>\n<p>De fogueira a brasa em dois anos. Esta \u00e9 a analogia que melhor descreve o cen\u00e1rio de eventos privados durante o S\u00e3o Jo\u00e3o da Bahia. De 2023 \u2014 ano em que as festas voltaram a acontecer no interior do estado ap\u00f3s o per\u00edodo cr\u00edtico da pandemia \u2014 para 2025, a Bahia teve uma baixa consider\u00e1vel no n\u00famero de eventos voltados para o S\u00e3o Jo\u00e3o.<\/p>\n<p>Mas a esperan\u00e7a de haver fogo novamente existe e \u00e9 mantida pela brasa que ainda arde no sudoeste da Bahia, a 519 km da capital baiana, em Ibicu\u00ed, atrav\u00e9s do Ticomia, o \u00fanico dos seis grandes eventos de S\u00e3o Jo\u00e3o (Sfrega, Brega Light, Forr\u00f3 do Lago, Forr\u00f3 do Bosque e Piu-Piu) que resiste no calend\u00e1rio baiano.<\/p>\n<p><span style=\"color: #0000ff;\"><strong><a style=\"color: #0000ff;\" href=\"https:\/\/www.bahianoticias.com.br\/pesquisa\/TICOMIA\">CONFIRA MATERIA COMPLETA NO BN<\/a><\/strong><\/span><\/p>\n","protected":false},"excerpt":{"rendered":"<p>De fogueira a brasa em dois anos. Esta \u00e9 a analogia que melhor descreve o cen\u00e1rio de eventos privados durante o S\u00e3o Jo\u00e3o da Bahia. De 2023 \u2014 ano em que as festas voltaram a acontecer no interior do estado ap\u00f3s o per\u00edodo cr\u00edtico da pandemia \u2014 para 2025, a Bahia teve uma baixa consider\u00e1vel [&hellip;]<\/p>\n","protected":false},"author":2,"featured_media":121713,"comment_status":"closed","ping_status":"open","sticky":false,"template":"","format":"standard","meta":{"footnotes":"","_links_to":"","_links_to_target":""},"categories":[1],"tags":[],"class_list":["post-121712","post","type-post","status-publish","format-standard","has-post-thumbnail","hentry","category-geral"],"views":1152,"_links":{"self":[{"href":"https:\/\/www.sudoestehoje.com.br\/novoportal\/wp-json\/wp\/v2\/posts\/121712","targetHints":{"allow":["GET"]}}],"collection":[{"href":"https:\/\/www.sudoestehoje.com.br\/novoportal\/wp-json\/wp\/v2\/posts"}],"about":[{"href":"https:\/\/www.sudoestehoje.com.br\/novoportal\/wp-json\/wp\/v2\/types\/post"}],"author":[{"embeddable":true,"href":"https:\/\/www.sudoestehoje.com.br\/novoportal\/wp-json\/wp\/v2\/users\/2"}],"replies":[{"embeddable":true,"href":"https:\/\/www.sudoestehoje.com.br\/novoportal\/wp-json\/wp\/v2\/comments?post=121712"}],"version-history":[{"count":5,"href":"https:\/\/www.sudoestehoje.com.br\/novoportal\/wp-json\/wp\/v2\/posts\/121712\/revisions"}],"predecessor-version":[{"id":121726,"href":"https:\/\/www.sudoestehoje.com.br\/novoportal\/wp-json\/wp\/v2\/posts\/121712\/revisions\/121726"}],"wp:featuredmedia":[{"embeddable":true,"href":"https:\/\/www.sudoestehoje.com.br\/novoportal\/wp-json\/wp\/v2\/media\/121713"}],"wp:attachment":[{"href":"https:\/\/www.sudoestehoje.com.br\/novoportal\/wp-json\/wp\/v2\/media?parent=121712"}],"wp:term":[{"taxonomy":"category","embeddable":true,"href":"https:\/\/www.sudoestehoje.com.br\/novoportal\/wp-json\/wp\/v2\/categories?post=121712"},{"taxonomy":"post_tag","embeddable":true,"href":"https:\/\/www.sudoestehoje.com.br\/novoportal\/wp-json\/wp\/v2\/tags?post=121712"}],"curies":[{"name":"wp","href":"https:\/\/api.w.org\/{rel}","templated":true}]}}