
{"id":121705,"date":"2025-05-12T09:04:16","date_gmt":"2025-05-12T12:04:16","guid":{"rendered":"https:\/\/www.sudoestehoje.com.br\/novoportal\/?p=121705"},"modified":"2025-05-12T10:48:06","modified_gmt":"2025-05-12T13:48:06","slug":"numero-de-partidos-encolhe-com-fusoes-incorporcoes-de-federacoes","status":"publish","type":"post","link":"https:\/\/www.sudoestehoje.com.br\/novoportal\/2025\/05\/12\/numero-de-partidos-encolhe-com-fusoes-incorporcoes-de-federacoes\/","title":{"rendered":"N\u00daMERO DE PARTIDOS ENCOLHE COM FUS\u00d5ES, INCORPOR\u00c7\u00d5ES DE FEDERA\u00c7\u00d5ES"},"content":{"rendered":"<p><img loading=\"lazy\" decoding=\"async\" class=\"alignnone wp-image-121707\" src=\"https:\/\/www.sudoestehoje.com.br\/novoportal\/wp-content\/uploads\/2025\/05\/img20220331154441356-1.jpg\" alt=\"\" width=\"559\" height=\"373\" \/><\/p>\n<p>As rec\u00e9m-anunciadas federa\u00e7\u00e3o entre Uni\u00e3o Brasil e PP e fus\u00e3o entre PSDB e Podemos impulsionam um movimento iniciado h\u00e1 alguns anos e que resultou no corte de 30% do n\u00famero de for\u00e7as partid\u00e1rias existentes.<\/p>\n<p>O pa\u00eds alcan\u00e7ou 35 legendas distintas em 2015, conta que deve baixar a 24 agremia\u00e7\u00f5es com a concretiza\u00e7\u00e3o das novas uni\u00f5es \u2014o enxugamento ser\u00e1 mais acentuado no Congresso, que em 2019 tinha 30 siglas representadas. Agora, haver\u00e1 encolhimento \u00e0 quase metade, 16.<\/p>\n<div class=\"google-auto-placed ap_container\">\n<div id=\"aswift_2_host\">A marcha em dire\u00e7\u00e3o ao enxugamento da sopa de letrinhas partid\u00e1ria brasileira deve continuar nos pr\u00f3ximos anos e \u00e9 reflexo de quatro projetos aprovados pelo Congresso de 2015 a 2021.\u00a0O primeiro, em 2015, buscou dificultar a cria\u00e7\u00e3o de partidos. S\u00f3 naquele ano foram autorizados a funcionar pelo TSE (Tribunal Superior Eleitoral) tr\u00eas novas legendas, Novo, Rede e PMB (Partido da Mulher Brasileira).<\/div>\n<p>Mini reforma aprovada na ocasi\u00e3o exigiu que as legendas em forma\u00e7\u00e3o conseguissem o apoiamento m\u00ednimo de eleitores (hoje em pouco mais de 500 mil) em at\u00e9 dois anos (antes n\u00e3o havia prazo), sendo que nenhum deles poderia ser filiado a partido j\u00e1 existente (antes, podia).<\/p>\n<\/div>\n<p><!--more--><\/p>\n<p>Essas novas regras foram cruciais para barrar, por exemplo, a tentativa de cria\u00e7\u00e3o da Alian\u00e7a pelo Brasil, partido que Jair Bolsonaro (PL) e apoiadores tentaram colocar de p\u00e9 de 2019 a 2022, mas que acabou em fracasso. Desde 2015, s\u00f3 o nanico UP (Unidade Popular) foi criado, em 2019.<\/p>\n<p>A quarta medida foi aprovada em 2021 com o objetivo de melhorar as chances de partidos pequenos e m\u00e9dios de elegerem parlamentares, al\u00e9m de servir como uma pr\u00e9via a uma fus\u00e3o ou incorpora\u00e7\u00e3o.<\/p>\n<p>Trata-se das federa\u00e7\u00f5es. Pela regra, os partidos s\u00e3o obrigados a atuar em conjunto por ao menos quatro anos, como se fossem uma \u00fanica agremia\u00e7\u00e3o. Ou seja, n\u00e3o h\u00e1, por exemplo, como lan\u00e7ar dois candidatos a prefeito de partidos diferentes de uma mesma federa\u00e7\u00e3o, apenas um.<\/p>\n<p>No ano seguinte, tr\u00eas federa\u00e7\u00f5es foram formadas: 1) PSDB e Cidadania, 2) PSOL e Rede e 3) PT, PC do B e PV. Agora, desenha-se a concretiza\u00e7\u00e3o da quarta, entre Uni\u00e3o Brasil e PP, que representar\u00e1 a principal for\u00e7a do Congresso e cujo lan\u00e7amento simb\u00f3lico ocorreu no final de abril.<\/p>\n<p>A nova alian\u00e7a deve estimular outros grandes partidos de centro e de direita a avan\u00e7arem nas negocia\u00e7\u00f5es de federa\u00e7\u00e3o, como MDB, Republicanos e PSD.<\/p>\n<p>No caso da fus\u00e3o PSDB-Podemos, h\u00e1 a expectativa de a nova legenda firmar em breve uma federa\u00e7\u00e3o com o Solidariedade.<\/p>\n<p>Embora j\u00e1 tenham sido acertadas entre as c\u00fapulas partid\u00e1rias, tanto a federa\u00e7\u00e3o Uni\u00e3o-PP como a fus\u00e3o PSDB-Podemos precisam ainda cumprir algumas etapas formais, como aprova\u00e7\u00e3o de novo estatuto e programa em reuni\u00e3o conjunta, al\u00e9m de obterem o aval do TSE, respons\u00e1vel por sacramentar a uni\u00e3o. \/\/Folha<\/p>\n","protected":false},"excerpt":{"rendered":"<p>As rec\u00e9m-anunciadas federa\u00e7\u00e3o entre Uni\u00e3o Brasil e PP e fus\u00e3o entre PSDB e Podemos impulsionam um movimento iniciado h\u00e1 alguns anos e que resultou no corte de 30% do n\u00famero de for\u00e7as partid\u00e1rias existentes. O pa\u00eds alcan\u00e7ou 35 legendas distintas em 2015, conta que deve baixar a 24 agremia\u00e7\u00f5es com a concretiza\u00e7\u00e3o das novas uni\u00f5es [&hellip;]<\/p>\n","protected":false},"author":2,"featured_media":121707,"comment_status":"closed","ping_status":"open","sticky":false,"template":"","format":"standard","meta":{"footnotes":"","_links_to":"","_links_to_target":""},"categories":[1],"tags":[],"class_list":["post-121705","post","type-post","status-publish","format-standard","has-post-thumbnail","hentry","category-geral"],"views":560,"_links":{"self":[{"href":"https:\/\/www.sudoestehoje.com.br\/novoportal\/wp-json\/wp\/v2\/posts\/121705","targetHints":{"allow":["GET"]}}],"collection":[{"href":"https:\/\/www.sudoestehoje.com.br\/novoportal\/wp-json\/wp\/v2\/posts"}],"about":[{"href":"https:\/\/www.sudoestehoje.com.br\/novoportal\/wp-json\/wp\/v2\/types\/post"}],"author":[{"embeddable":true,"href":"https:\/\/www.sudoestehoje.com.br\/novoportal\/wp-json\/wp\/v2\/users\/2"}],"replies":[{"embeddable":true,"href":"https:\/\/www.sudoestehoje.com.br\/novoportal\/wp-json\/wp\/v2\/comments?post=121705"}],"version-history":[{"count":5,"href":"https:\/\/www.sudoestehoje.com.br\/novoportal\/wp-json\/wp\/v2\/posts\/121705\/revisions"}],"predecessor-version":[{"id":121720,"href":"https:\/\/www.sudoestehoje.com.br\/novoportal\/wp-json\/wp\/v2\/posts\/121705\/revisions\/121720"}],"wp:featuredmedia":[{"embeddable":true,"href":"https:\/\/www.sudoestehoje.com.br\/novoportal\/wp-json\/wp\/v2\/media\/121707"}],"wp:attachment":[{"href":"https:\/\/www.sudoestehoje.com.br\/novoportal\/wp-json\/wp\/v2\/media?parent=121705"}],"wp:term":[{"taxonomy":"category","embeddable":true,"href":"https:\/\/www.sudoestehoje.com.br\/novoportal\/wp-json\/wp\/v2\/categories?post=121705"},{"taxonomy":"post_tag","embeddable":true,"href":"https:\/\/www.sudoestehoje.com.br\/novoportal\/wp-json\/wp\/v2\/tags?post=121705"}],"curies":[{"name":"wp","href":"https:\/\/api.w.org\/{rel}","templated":true}]}}