
{"id":121686,"date":"2025-05-08T16:16:21","date_gmt":"2025-05-08T19:16:21","guid":{"rendered":"https:\/\/www.sudoestehoje.com.br\/novoportal\/?p=121686"},"modified":"2025-05-08T16:16:21","modified_gmt":"2025-05-08T19:16:21","slug":"fumaca-branca-no-vaticano-anuncia-que-o-novo-papa-e-americano","status":"publish","type":"post","link":"https:\/\/www.sudoestehoje.com.br\/novoportal\/2025\/05\/08\/fumaca-branca-no-vaticano-anuncia-que-o-novo-papa-e-americano\/","title":{"rendered":"FUMA\u00c7A BRANCA NO VATICANO ANUNCIA QUE O NOVO PAPA \u00c9 AMERICANO"},"content":{"rendered":"<div id=\"chunk-8ifgc\">\n<div class=\"mc-column content-text active-extra-styles \" data-block-type=\"unstyled\" data-block-weight=\"21\" data-block-id=\"2\">\n<p data-track-category=\"Link no Texto\" data-track-links=\"\" data-mrf-recirculation=\"Mat\u00e9ria - Links no Texto\"><img loading=\"lazy\" decoding=\"async\" class=\"alignnone  wp-image-121688\" src=\"https:\/\/www.sudoestehoje.com.br\/novoportal\/wp-content\/uploads\/2025\/05\/3d8758d9c6cf59044d4fe029734feba917ba699f-656x450-1.jpg\" alt=\"\" width=\"561\" height=\"385\" \/><\/p>\n<p class=\" content-text__container \" data-track-category=\"Link no Texto\" data-track-links=\"\" data-mrf-recirculation=\"Mat\u00e9ria - Links no Texto\">O cardeal dos Estados Unidos\u00a0Robert Francis Prevost\u00a0\u00e9 o novo pont\u00edfice e escolheu o nome de\u00a0papa Le\u00e3o XIV. A escolha de Prevost, de 69 anos, foi anunciada nesta quinta-feira (8) pelo Vaticano, ap\u00f3s a\u00a0fuma\u00e7a branca ser expelida da Capela Sistina, indicando que um novo pont\u00edfice foi eleito no conclave.<\/p>\n<div id=\"chunk-906df\">\n<div class=\"mc-column content-text active-extra-styles \" data-block-type=\"unstyled\" data-block-weight=\"37\" data-block-id=\"6\">\n<p class=\" content-text__container \" data-track-category=\"Link no Texto\" data-track-links=\"\" data-mrf-recirculation=\"Mat\u00e9ria - Links no Texto\">De perfil progressista e pr\u00f3ximo a Francisco, o novo papa apareceu na sacada da Bas\u00edlica de S\u00e3o Pedro depois de ser anunciado, em latim, pelo cardeal Dominique Mamberti. Ele abriu seu primeiro discurso falando de paz:<\/p>\n<\/div>\n<\/div>\n<div id=\"chunk-akbbf\">\n<div class=\"content-ads content-ads--reveal\" data-block-type=\"ads\" data-block-id=\"7\">&#8220;A paz esteja com todos voc\u00eas. Esta \u00e9 a primeira sauda\u00e7\u00e3o do Cristo ressucitado. Eu tamb\u00e9m gostaria que essa sauda\u00e7\u00e3o de paz entrasse no cora\u00e7\u00e3o de voc\u00eas&#8221;, disse o novo pont\u00edfice em seu primeiro discurso.<\/div>\n<div data-block-type=\"ads\" data-block-id=\"7\">\n<div id=\"chunk-6f0a9\">\n<div class=\"mc-column content-text active-extra-styles \" data-block-type=\"unstyled\" data-block-weight=\"48\" data-block-id=\"10\">\n<p class=\" content-text__container \" data-track-category=\"Link no Texto\" data-track-links=\"\" data-mrf-recirculation=\"Mat\u00e9ria - Links no Texto\"><span class=\"highlight highlighted\">Pr\u00f3ximo a Francisco, que o promoveu a cardeal<\/span>\u00a0em 2023, o papa Le\u00e3o XIV indicou tamb\u00e9m em seu discurso que dar\u00e1 continuidade ao trabalho de Francisco:<span class=\"highlight highlighted\">\u00a0&#8220;Queremos ser uma igreja sinodal, que avan\u00e7a, que busca sempre a paz, a caridade, sempre estar pr\u00f3xima, principalmente daqueles que sofrem&#8221;.<\/span><\/p>\n<\/div>\n<\/div>\n<div id=\"chunk-aep50\">\n<div class=\"mc-column content-text active-extra-styles \" data-block-type=\"unstyled\" data-block-weight=\"27\" data-block-id=\"11\">\n<p class=\" content-text__container \" data-track-category=\"Link no Texto\" data-track-links=\"\" data-mrf-recirculation=\"Mat\u00e9ria - Links no Texto\">indicando que o conclave seguiu a tend\u00eancia de que deveriam escolher um nome de continuidade e perfil pragm\u00e1tico. Prevost \u00e9 tamb\u00e9m considerado discreto e conciliat\u00f3rio.<\/p>\n<\/div>\n<\/div>\n<\/div>\n<\/div>\n<\/div>\n<\/div>\n","protected":false},"excerpt":{"rendered":"<p>O cardeal dos Estados Unidos\u00a0Robert Francis Prevost\u00a0\u00e9 o novo pont\u00edfice e escolheu o nome de\u00a0papa Le\u00e3o XIV. A escolha de Prevost, de 69 anos, foi anunciada nesta quinta-feira (8) pelo Vaticano, ap\u00f3s a\u00a0fuma\u00e7a branca ser expelida da Capela Sistina, indicando que um novo pont\u00edfice foi eleito no conclave. De perfil progressista e pr\u00f3ximo a Francisco, [&hellip;]<\/p>\n","protected":false},"author":2,"featured_media":121688,"comment_status":"closed","ping_status":"open","sticky":false,"template":"","format":"standard","meta":{"footnotes":"","_links_to":"","_links_to_target":""},"categories":[1],"tags":[],"class_list":["post-121686","post","type-post","status-publish","format-standard","has-post-thumbnail","hentry","category-geral"],"views":625,"_links":{"self":[{"href":"https:\/\/www.sudoestehoje.com.br\/novoportal\/wp-json\/wp\/v2\/posts\/121686","targetHints":{"allow":["GET"]}}],"collection":[{"href":"https:\/\/www.sudoestehoje.com.br\/novoportal\/wp-json\/wp\/v2\/posts"}],"about":[{"href":"https:\/\/www.sudoestehoje.com.br\/novoportal\/wp-json\/wp\/v2\/types\/post"}],"author":[{"embeddable":true,"href":"https:\/\/www.sudoestehoje.com.br\/novoportal\/wp-json\/wp\/v2\/users\/2"}],"replies":[{"embeddable":true,"href":"https:\/\/www.sudoestehoje.com.br\/novoportal\/wp-json\/wp\/v2\/comments?post=121686"}],"version-history":[{"count":2,"href":"https:\/\/www.sudoestehoje.com.br\/novoportal\/wp-json\/wp\/v2\/posts\/121686\/revisions"}],"predecessor-version":[{"id":121689,"href":"https:\/\/www.sudoestehoje.com.br\/novoportal\/wp-json\/wp\/v2\/posts\/121686\/revisions\/121689"}],"wp:featuredmedia":[{"embeddable":true,"href":"https:\/\/www.sudoestehoje.com.br\/novoportal\/wp-json\/wp\/v2\/media\/121688"}],"wp:attachment":[{"href":"https:\/\/www.sudoestehoje.com.br\/novoportal\/wp-json\/wp\/v2\/media?parent=121686"}],"wp:term":[{"taxonomy":"category","embeddable":true,"href":"https:\/\/www.sudoestehoje.com.br\/novoportal\/wp-json\/wp\/v2\/categories?post=121686"},{"taxonomy":"post_tag","embeddable":true,"href":"https:\/\/www.sudoestehoje.com.br\/novoportal\/wp-json\/wp\/v2\/tags?post=121686"}],"curies":[{"name":"wp","href":"https:\/\/api.w.org\/{rel}","templated":true}]}}