
{"id":121674,"date":"2025-05-07T17:21:32","date_gmt":"2025-05-07T20:21:32","guid":{"rendered":"https:\/\/www.sudoestehoje.com.br\/novoportal\/?p=121674"},"modified":"2025-05-07T17:21:32","modified_gmt":"2025-05-07T20:21:32","slug":"relator-antecipa-para-2030-fim-da-reeleicao-para-presidente-governadores-e-prefeitos","status":"publish","type":"post","link":"https:\/\/www.sudoestehoje.com.br\/novoportal\/2025\/05\/07\/relator-antecipa-para-2030-fim-da-reeleicao-para-presidente-governadores-e-prefeitos\/","title":{"rendered":"RELATOR ANTECIPA PARA 2030 FIM DA REELEI\u00c7\u00c3O PARA PRESIDENTE, GOVERNADORES E PREFEITOS"},"content":{"rendered":"<p><img loading=\"lazy\" decoding=\"async\" class=\"alignnone  wp-image-121676\" src=\"https:\/\/www.sudoestehoje.com.br\/novoportal\/wp-content\/uploads\/2025\/05\/Rede-Peteca-CCJ-Credito-Edilson-Rodrigues-Agencia-Senado.jpg\" alt=\"\" width=\"550\" height=\"365\" \/><\/p>\n<p>A Comiss\u00e3o de Constitui\u00e7\u00e3o e Justi\u00e7a (CCJ) do Senado adiou nesta quarta-feira (7), ap\u00f3s pedido de vista, a vota\u00e7\u00e3o da Proposta de Emenda \u00e0 Constitui\u00e7\u00e3o (PEC) que extingue a reelei\u00e7\u00e3o para os cargos de presidente da Rep\u00fablica, prefeito e governador. O tema deve ser retomado na pr\u00f3xima semana.<\/p>\n<p>O relator da mat\u00e9ria, senador Marcelo Castro (MDB-PI), apresentou novo parecer encurtando a regra de transi\u00e7\u00e3o para que o fim da reelei\u00e7\u00e3o para governadores e presidente passe a valer em 2030, e n\u00e3o em 2034, como previa o texto anterior.<\/p>\n<p>A mudan\u00e7a ocorreu ap\u00f3s senadores criticarem, na \u00faltima sess\u00e3o da CCJ, que a transi\u00e7\u00e3o estava muito longa.<\/p>\n<p>A PEC 12 de 2022 ainda aumenta o mandato dos chefes do Executivo, deputados e vereadores para cinco anos e dos senadores para dez anos. Al\u00e9m disso, a proposta unifica as elei\u00e7\u00f5es no Brasil para 2034, quando os brasileiros elegeriam todos os cargos de uma s\u00f3 vez. Atualmente, os eleitores v\u00e3o \u00e0s urnas a cada dois anos.<\/p>\n","protected":false},"excerpt":{"rendered":"<p>A Comiss\u00e3o de Constitui\u00e7\u00e3o e Justi\u00e7a (CCJ) do Senado adiou nesta quarta-feira (7), ap\u00f3s pedido de vista, a vota\u00e7\u00e3o da Proposta de Emenda \u00e0 Constitui\u00e7\u00e3o (PEC) que extingue a reelei\u00e7\u00e3o para os cargos de presidente da Rep\u00fablica, prefeito e governador. O tema deve ser retomado na pr\u00f3xima semana. O relator da mat\u00e9ria, senador Marcelo Castro [&hellip;]<\/p>\n","protected":false},"author":2,"featured_media":121676,"comment_status":"closed","ping_status":"open","sticky":false,"template":"","format":"standard","meta":{"footnotes":"","_links_to":"","_links_to_target":""},"categories":[1],"tags":[],"class_list":["post-121674","post","type-post","status-publish","format-standard","has-post-thumbnail","hentry","category-geral"],"views":861,"_links":{"self":[{"href":"https:\/\/www.sudoestehoje.com.br\/novoportal\/wp-json\/wp\/v2\/posts\/121674","targetHints":{"allow":["GET"]}}],"collection":[{"href":"https:\/\/www.sudoestehoje.com.br\/novoportal\/wp-json\/wp\/v2\/posts"}],"about":[{"href":"https:\/\/www.sudoestehoje.com.br\/novoportal\/wp-json\/wp\/v2\/types\/post"}],"author":[{"embeddable":true,"href":"https:\/\/www.sudoestehoje.com.br\/novoportal\/wp-json\/wp\/v2\/users\/2"}],"replies":[{"embeddable":true,"href":"https:\/\/www.sudoestehoje.com.br\/novoportal\/wp-json\/wp\/v2\/comments?post=121674"}],"version-history":[{"count":2,"href":"https:\/\/www.sudoestehoje.com.br\/novoportal\/wp-json\/wp\/v2\/posts\/121674\/revisions"}],"predecessor-version":[{"id":121677,"href":"https:\/\/www.sudoestehoje.com.br\/novoportal\/wp-json\/wp\/v2\/posts\/121674\/revisions\/121677"}],"wp:featuredmedia":[{"embeddable":true,"href":"https:\/\/www.sudoestehoje.com.br\/novoportal\/wp-json\/wp\/v2\/media\/121676"}],"wp:attachment":[{"href":"https:\/\/www.sudoestehoje.com.br\/novoportal\/wp-json\/wp\/v2\/media?parent=121674"}],"wp:term":[{"taxonomy":"category","embeddable":true,"href":"https:\/\/www.sudoestehoje.com.br\/novoportal\/wp-json\/wp\/v2\/categories?post=121674"},{"taxonomy":"post_tag","embeddable":true,"href":"https:\/\/www.sudoestehoje.com.br\/novoportal\/wp-json\/wp\/v2\/tags?post=121674"}],"curies":[{"name":"wp","href":"https:\/\/api.w.org\/{rel}","templated":true}]}}