
{"id":121651,"date":"2025-05-06T10:42:01","date_gmt":"2025-05-06T13:42:01","guid":{"rendered":"https:\/\/www.sudoestehoje.com.br\/novoportal\/?p=121651"},"modified":"2025-05-06T10:42:01","modified_gmt":"2025-05-06T13:42:01","slug":"lula-recua-e-pede-retirada-de-urgencia-do-projeto-de-isencao-do-imposto-de-renda","status":"publish","type":"post","link":"https:\/\/www.sudoestehoje.com.br\/novoportal\/2025\/05\/06\/lula-recua-e-pede-retirada-de-urgencia-do-projeto-de-isencao-do-imposto-de-renda\/","title":{"rendered":"LULA RECUA E PEDE RETIRADA DE URG\u00caNCIA DO PROJETO DE ISEN\u00c7\u00c3O DO IMPOSTO DE RENDA"},"content":{"rendered":"<p><img loading=\"lazy\" decoding=\"async\" class=\"alignnone  wp-image-121654\" src=\"https:\/\/www.sudoestehoje.com.br\/novoportal\/wp-content\/uploads\/2025\/05\/haddad-e-motta-768x503-1.jpg\" alt=\"\" width=\"560\" height=\"367\" \/><\/p>\n<p>O governo federal pediu ao Congresso Nacional nesta segunda-feira (5) a retirada do pedido de urg\u00eancia do projeto de lei que amplia a faixa de isen\u00e7\u00e3o do Imposto de Renda para quem ganha at\u00e9 R$ 5 mil.<\/p>\n<p>Em regime de urg\u00eancia, os projetos podem ir direto para vota\u00e7\u00e3o do Plen\u00e1rio, sem passar pelas comiss\u00f5es. Nesse tipo de tramita\u00e7\u00e3o, a C\u00e2mara tem at\u00e9 45 dias para votar o texto. Se isso n\u00e3o acontecer, a pauta fica trancada, ou seja, nada mais pode ser votado at\u00e9 que o projeto em urg\u00eancia seja apreciado. Esse prazo acabou na \u00faltima sexta-feira, 2 de maio, para o projeto do IR.<\/p>\n<p><span data-contrast=\"auto\">A retirada da urg\u00eancia foi costurada com o presidente da C\u00e2mara dos Deputados, Hugo Motta (Republicanos-PB), para possibilitar que seja criada uma <a href=\"https:\/\/www.cnnbrasil.com.br\/blogs\/basilia-rodrigues\/politica\/presidente-de-comissao-do-ir-lanca-calculadora-sobre-isencao-de-imposto\/\">comiss\u00e3o especial para a an\u00e1lise<\/a>\u00a0da proposta. A instala\u00e7\u00e3o dessa comiss\u00e3o est\u00e1 prevista para esta ter\u00e7a-feira (6).<\/span><\/p>\n<p><span data-contrast=\"auto\">O\u00a0<a href=\"https:\/\/www.cnnbrasil.com.br\/economia\/financas\/imposto-de-renda-2025-envio-da-declaracao-acaba-em-um-mes-veja-como-fazer\/\">projeto de lei que modifica o IR<\/a>\u00a0foi enviado ao Congresso, no final de mar\u00e7o, junto a um pedido para acelerar a tramita\u00e7\u00e3o.<\/span><span data-ccp-props=\"{}\">\u00a0<\/span><\/p>\n","protected":false},"excerpt":{"rendered":"<p>O governo federal pediu ao Congresso Nacional nesta segunda-feira (5) a retirada do pedido de urg\u00eancia do projeto de lei que amplia a faixa de isen\u00e7\u00e3o do Imposto de Renda para quem ganha at\u00e9 R$ 5 mil. Em regime de urg\u00eancia, os projetos podem ir direto para vota\u00e7\u00e3o do Plen\u00e1rio, sem passar pelas comiss\u00f5es. Nesse [&hellip;]<\/p>\n","protected":false},"author":2,"featured_media":121654,"comment_status":"closed","ping_status":"open","sticky":false,"template":"","format":"standard","meta":{"footnotes":"","_links_to":"","_links_to_target":""},"categories":[1],"tags":[],"class_list":["post-121651","post","type-post","status-publish","format-standard","has-post-thumbnail","hentry","category-geral"],"views":438,"_links":{"self":[{"href":"https:\/\/www.sudoestehoje.com.br\/novoportal\/wp-json\/wp\/v2\/posts\/121651","targetHints":{"allow":["GET"]}}],"collection":[{"href":"https:\/\/www.sudoestehoje.com.br\/novoportal\/wp-json\/wp\/v2\/posts"}],"about":[{"href":"https:\/\/www.sudoestehoje.com.br\/novoportal\/wp-json\/wp\/v2\/types\/post"}],"author":[{"embeddable":true,"href":"https:\/\/www.sudoestehoje.com.br\/novoportal\/wp-json\/wp\/v2\/users\/2"}],"replies":[{"embeddable":true,"href":"https:\/\/www.sudoestehoje.com.br\/novoportal\/wp-json\/wp\/v2\/comments?post=121651"}],"version-history":[{"count":3,"href":"https:\/\/www.sudoestehoje.com.br\/novoportal\/wp-json\/wp\/v2\/posts\/121651\/revisions"}],"predecessor-version":[{"id":121655,"href":"https:\/\/www.sudoestehoje.com.br\/novoportal\/wp-json\/wp\/v2\/posts\/121651\/revisions\/121655"}],"wp:featuredmedia":[{"embeddable":true,"href":"https:\/\/www.sudoestehoje.com.br\/novoportal\/wp-json\/wp\/v2\/media\/121654"}],"wp:attachment":[{"href":"https:\/\/www.sudoestehoje.com.br\/novoportal\/wp-json\/wp\/v2\/media?parent=121651"}],"wp:term":[{"taxonomy":"category","embeddable":true,"href":"https:\/\/www.sudoestehoje.com.br\/novoportal\/wp-json\/wp\/v2\/categories?post=121651"},{"taxonomy":"post_tag","embeddable":true,"href":"https:\/\/www.sudoestehoje.com.br\/novoportal\/wp-json\/wp\/v2\/tags?post=121651"}],"curies":[{"name":"wp","href":"https:\/\/api.w.org\/{rel}","templated":true}]}}