
{"id":12161,"date":"2012-01-16T19:24:54","date_gmt":"2012-01-16T22:24:54","guid":{"rendered":"http:\/\/www.sudoestehoje.com.br\/novoportal\/?p=12161"},"modified":"2012-01-16T19:24:54","modified_gmt":"2012-01-16T22:24:54","slug":"rio-do-meio-ganha-radio-comunitaria","status":"publish","type":"post","link":"https:\/\/www.sudoestehoje.com.br\/novoportal\/2012\/01\/16\/rio-do-meio-ganha-radio-comunitaria\/","title":{"rendered":"RIO DO MEIO GANHA R\u00c1DIO COMUNIT\u00c1RIA"},"content":{"rendered":"<div>\n<div id=\"attachment_12162\" style=\"width: 310px\" class=\"wp-caption aligncenter\"><a href=\"http:\/\/www.sudoestehoje.com.br\/novoportal\/wp-content\/uploads\/2012\/01\/EDCARLOS-FOTO.jpg\"><img decoding=\"async\" aria-describedby=\"caption-attachment-12162\" class=\"size-medium wp-image-12162 \" title=\"EDCARLOS FOTO\" src=\"http:\/\/www.sudoestehoje.com.br\/novoportal\/wp-content\/uploads\/2012\/01\/EDCARLOS-FOTO-500x666.jpg\" alt=\"\" width=\"300\" srcset=\"https:\/\/www.sudoestehoje.com.br\/novoportal\/wp-content\/uploads\/2012\/01\/EDCARLOS-FOTO-500x666.jpg 500w, https:\/\/www.sudoestehoje.com.br\/novoportal\/wp-content\/uploads\/2012\/01\/EDCARLOS-FOTO.jpg 600w\" sizes=\"(max-width: 500px) 100vw, 500px\" \/><\/a><p id=\"caption-attachment-12162\" class=\"wp-caption-text\">EDCARLOS EST\u00c1 ENTUSIASMADO COM A R\u00c1DIO COMUNIT\u00c1RIA LIBERADA PARA O DISTRITO DE RIO DO MEIO <\/p><\/div>\n<\/div>\n<div><\/div>\n<div>ITOROR\u00d3: \u00a0O distrito de Rio do Meio, munic\u00edpio de Itoror\u00f3, vai ganhar uma emissora de R\u00e1dio Comunit\u00e1ria, at\u00e9 agosto de 2012.\u00a0A Associa\u00e7\u00e3o Comunit\u00e1ria de Comunica\u00e7\u00e3o e Cultura &#8216;Salve o Meu&#8217; (ASCRIB),\u00a0com sede em Rio do Meio, que fica a 13 km da sede do munic\u00edpio, receber\u00e1 a concess\u00e3o da emissora,\u00a0segundo informa o fundador e idealizador do projeto, o radialista Edcarlos Silva.\u00a0&#8220;<em>Embora a emissora seja \u00a0em uma localidade de pouco mais de 6 mil habitantes, uma estrutura de radio bem moderna e digital ser\u00e1 montada, para atender as expectativas dos moradores do Rio do Meio&#8221;<\/em>, informa Edcarlos.<\/div>\n<div><\/div>\n<div>Informa\u00e7\u00f5es da ASCRIB<\/div>\n","protected":false},"excerpt":{"rendered":"<p>ITOROR\u00d3: \u00a0O distrito de Rio do Meio, munic\u00edpio de Itoror\u00f3, vai ganhar uma emissora de R\u00e1dio Comunit\u00e1ria, at\u00e9 agosto de 2012.\u00a0A Associa\u00e7\u00e3o Comunit\u00e1ria de Comunica\u00e7\u00e3o e Cultura &#8216;Salve o Meu&#8217; (ASCRIB),\u00a0com sede em Rio do Meio, que fica a 13 km da sede do munic\u00edpio, receber\u00e1 a concess\u00e3o da emissora,\u00a0segundo informa o fundador e idealizador [&hellip;]<\/p>\n","protected":false},"author":2,"featured_media":0,"comment_status":"open","ping_status":"open","sticky":false,"template":"","format":"standard","meta":{"footnotes":"","_links_to":"","_links_to_target":""},"categories":[1],"tags":[],"class_list":["post-12161","post","type-post","status-publish","format-standard","hentry","category-geral"],"views":1438,"_links":{"self":[{"href":"https:\/\/www.sudoestehoje.com.br\/novoportal\/wp-json\/wp\/v2\/posts\/12161","targetHints":{"allow":["GET"]}}],"collection":[{"href":"https:\/\/www.sudoestehoje.com.br\/novoportal\/wp-json\/wp\/v2\/posts"}],"about":[{"href":"https:\/\/www.sudoestehoje.com.br\/novoportal\/wp-json\/wp\/v2\/types\/post"}],"author":[{"embeddable":true,"href":"https:\/\/www.sudoestehoje.com.br\/novoportal\/wp-json\/wp\/v2\/users\/2"}],"replies":[{"embeddable":true,"href":"https:\/\/www.sudoestehoje.com.br\/novoportal\/wp-json\/wp\/v2\/comments?post=12161"}],"version-history":[{"count":5,"href":"https:\/\/www.sudoestehoje.com.br\/novoportal\/wp-json\/wp\/v2\/posts\/12161\/revisions"}],"predecessor-version":[{"id":12167,"href":"https:\/\/www.sudoestehoje.com.br\/novoportal\/wp-json\/wp\/v2\/posts\/12161\/revisions\/12167"}],"wp:attachment":[{"href":"https:\/\/www.sudoestehoje.com.br\/novoportal\/wp-json\/wp\/v2\/media?parent=12161"}],"wp:term":[{"taxonomy":"category","embeddable":true,"href":"https:\/\/www.sudoestehoje.com.br\/novoportal\/wp-json\/wp\/v2\/categories?post=12161"},{"taxonomy":"post_tag","embeddable":true,"href":"https:\/\/www.sudoestehoje.com.br\/novoportal\/wp-json\/wp\/v2\/tags?post=12161"}],"curies":[{"name":"wp","href":"https:\/\/api.w.org\/{rel}","templated":true}]}}