
{"id":121592,"date":"2025-04-30T20:02:14","date_gmt":"2025-04-30T23:02:14","guid":{"rendered":"https:\/\/www.sudoestehoje.com.br\/novoportal\/?p=121592"},"modified":"2025-04-30T20:02:14","modified_gmt":"2025-04-30T23:02:14","slug":"itapetinga-eduardo-e-rodrigo-acertam-ponteiros-e-devem-marchar-juntos-em-2026","status":"publish","type":"post","link":"https:\/\/www.sudoestehoje.com.br\/novoportal\/2025\/04\/30\/itapetinga-eduardo-e-rodrigo-acertam-ponteiros-e-devem-marchar-juntos-em-2026\/","title":{"rendered":"ITAPETINGA | EDUARDO E RODRIGO ACERTAM PONTEIROS E DEVEM MARCHAR JUNTOS EM 2026"},"content":{"rendered":"<p><img loading=\"lazy\" decoding=\"async\" class=\"alignnone  wp-image-121596\" src=\"https:\/\/www.sudoestehoje.com.br\/novoportal\/wp-content\/uploads\/2025\/04\/Imagem-do-WhatsApp-de-2025-04-30-as-19.59.01_57229b6f-1.jpg\" alt=\"\" width=\"559\" height=\"314\" \/><\/p>\n<p>A expectativa de um entendimento no MDB de Itapetinga foi finalmente confirmado no final da tarde desta ter\u00e7a -feira (29), ap\u00f3s reuni\u00e3o do Diret\u00f3rio Municipal no gabinete do prefeito Eduardo Hagge, com a presen\u00e7a do ex-prefeito Rodrigo Hagge.<\/p>\n<p>De acordo com informa\u00e7\u00f5es da c\u00fapula do partido, Eduardo e Rodrigo acertaram os ponteiros e devem marchar juntos nas elei\u00e7\u00f5es de 2026, com a dobradinha Jayme Vieira Lima para deputado federal e Rodrigo Hagge para deputado estadual.<\/p>\n<p>Para o governo do estado, Eduardo reiterou o seu apoio ao governador Jer\u00f4nimo Rodrigues (PT), enquanto Rodrigo dever\u00e1 marchar com o candidato ACM Neto (UB).<\/p>\n<p>O processo de reunifica\u00e7\u00e3o do MDB de Itapetinga passa por uma articula\u00e7\u00e3o do ex-ministro Geddel Vieira Lima, l\u00edder do partido na Bahia.<\/p>\n<p>Por Davi Ferraz<\/p>\n<p>&nbsp;<\/p>\n","protected":false},"excerpt":{"rendered":"<p>A expectativa de um entendimento no MDB de Itapetinga foi finalmente confirmado no final da tarde desta ter\u00e7a -feira (29), ap\u00f3s reuni\u00e3o do Diret\u00f3rio Municipal no gabinete do prefeito Eduardo Hagge, com a presen\u00e7a do ex-prefeito Rodrigo Hagge. De acordo com informa\u00e7\u00f5es da c\u00fapula do partido, Eduardo e Rodrigo acertaram os ponteiros e devem marchar [&hellip;]<\/p>\n","protected":false},"author":2,"featured_media":121596,"comment_status":"closed","ping_status":"open","sticky":false,"template":"","format":"standard","meta":{"footnotes":"","_links_to":"","_links_to_target":""},"categories":[1],"tags":[],"class_list":["post-121592","post","type-post","status-publish","format-standard","has-post-thumbnail","hentry","category-geral"],"views":2801,"_links":{"self":[{"href":"https:\/\/www.sudoestehoje.com.br\/novoportal\/wp-json\/wp\/v2\/posts\/121592","targetHints":{"allow":["GET"]}}],"collection":[{"href":"https:\/\/www.sudoestehoje.com.br\/novoportal\/wp-json\/wp\/v2\/posts"}],"about":[{"href":"https:\/\/www.sudoestehoje.com.br\/novoportal\/wp-json\/wp\/v2\/types\/post"}],"author":[{"embeddable":true,"href":"https:\/\/www.sudoestehoje.com.br\/novoportal\/wp-json\/wp\/v2\/users\/2"}],"replies":[{"embeddable":true,"href":"https:\/\/www.sudoestehoje.com.br\/novoportal\/wp-json\/wp\/v2\/comments?post=121592"}],"version-history":[{"count":3,"href":"https:\/\/www.sudoestehoje.com.br\/novoportal\/wp-json\/wp\/v2\/posts\/121592\/revisions"}],"predecessor-version":[{"id":121597,"href":"https:\/\/www.sudoestehoje.com.br\/novoportal\/wp-json\/wp\/v2\/posts\/121592\/revisions\/121597"}],"wp:featuredmedia":[{"embeddable":true,"href":"https:\/\/www.sudoestehoje.com.br\/novoportal\/wp-json\/wp\/v2\/media\/121596"}],"wp:attachment":[{"href":"https:\/\/www.sudoestehoje.com.br\/novoportal\/wp-json\/wp\/v2\/media?parent=121592"}],"wp:term":[{"taxonomy":"category","embeddable":true,"href":"https:\/\/www.sudoestehoje.com.br\/novoportal\/wp-json\/wp\/v2\/categories?post=121592"},{"taxonomy":"post_tag","embeddable":true,"href":"https:\/\/www.sudoestehoje.com.br\/novoportal\/wp-json\/wp\/v2\/tags?post=121592"}],"curies":[{"name":"wp","href":"https:\/\/api.w.org\/{rel}","templated":true}]}}