
{"id":12157,"date":"2012-01-16T18:52:41","date_gmt":"2012-01-16T21:52:41","guid":{"rendered":"http:\/\/www.sudoestehoje.com.br\/novoportal\/?p=12157"},"modified":"2012-01-16T18:52:41","modified_gmt":"2012-01-16T21:52:41","slug":"mst-ocupa-prefeitura-de-iguai","status":"publish","type":"post","link":"https:\/\/www.sudoestehoje.com.br\/novoportal\/2012\/01\/16\/mst-ocupa-prefeitura-de-iguai\/","title":{"rendered":"MST OCUPA PREFEITURA DE IGUA\u00cd"},"content":{"rendered":"<p style=\"text-align: center;\"><img loading=\"lazy\" decoding=\"async\" class=\"aligncenter\" src=\"http:\/\/3.bp.blogspot.com\/-MvvnUIHGosY\/TxQ79jnJ6oI\/AAAAAAAAAhw\/2twDaAhCwjA\/s400\/100_2736%255B1%255D.JPG\" alt=\"\" width=\"400\" height=\"300\" \/><\/p>\n<p>IGUA\u00cd: Agricultores ligados ao Movimento dos Trabalhadores Rurais Sem Terra (MST) ocuparam nesta manh\u00e3 de segunda-feira (16\/11) a prefeitura de Igua\u00ed para reivindicar melhorias em assentamentos.<\/p>\n<p>Segundo F\u00e1bio do Sem Terra, lideran\u00e7a do movimento que ocupa a prefeitura de Igua\u00ed, o MST \u00a0reivindica a reabertura do ensino fundamental, contra\u00e7\u00e3o de educadores e profissionais de limpeza, constru\u00e7\u00e3o de salas aulas, utens\u00edlios para feitura de merenda escolar, transporte escolar e melhorias nas estradas que d\u00e3o acesso aos assentamentos.<\/p>\n<div>Participam mais de integrantes do MST dos assemtamentos: Riacho das Palmeiras, Marcha Brasil e Zumbi dos Palmares.\u00a0O prefeito de Igua\u00ed, Ronaldo Moitinho dos Santos, n\u00e3o foi encontrado para comentar a ocupa\u00e7\u00e3o pacifica promovida pelo MST.<\/div>\n<div><\/div>\n<div>\n<div><span style=\"font-family: 'comic sans ms', sans-serif; color: #006600;\">Blog Veja Igua\u00ed<\/span><\/div>\n<div><span style=\"font-family: 'comic sans ms', sans-serif; font-size: xx-small;\"><br \/>\n<\/span><\/div>\n<\/div>\n<div><\/div>\n","protected":false},"excerpt":{"rendered":"<p>IGUA\u00cd: Agricultores ligados ao Movimento dos Trabalhadores Rurais Sem Terra (MST) ocuparam nesta manh\u00e3 de segunda-feira (16\/11) a prefeitura de Igua\u00ed para reivindicar melhorias em assentamentos. Segundo F\u00e1bio do Sem Terra, lideran\u00e7a do movimento que ocupa a prefeitura de Igua\u00ed, o MST \u00a0reivindica a reabertura do ensino fundamental, contra\u00e7\u00e3o de educadores e profissionais de limpeza, [&hellip;]<\/p>\n","protected":false},"author":2,"featured_media":0,"comment_status":"open","ping_status":"open","sticky":false,"template":"","format":"standard","meta":{"footnotes":"","_links_to":"","_links_to_target":""},"categories":[1],"tags":[],"class_list":["post-12157","post","type-post","status-publish","format-standard","hentry","category-geral"],"views":1086,"_links":{"self":[{"href":"https:\/\/www.sudoestehoje.com.br\/novoportal\/wp-json\/wp\/v2\/posts\/12157","targetHints":{"allow":["GET"]}}],"collection":[{"href":"https:\/\/www.sudoestehoje.com.br\/novoportal\/wp-json\/wp\/v2\/posts"}],"about":[{"href":"https:\/\/www.sudoestehoje.com.br\/novoportal\/wp-json\/wp\/v2\/types\/post"}],"author":[{"embeddable":true,"href":"https:\/\/www.sudoestehoje.com.br\/novoportal\/wp-json\/wp\/v2\/users\/2"}],"replies":[{"embeddable":true,"href":"https:\/\/www.sudoestehoje.com.br\/novoportal\/wp-json\/wp\/v2\/comments?post=12157"}],"version-history":[{"count":3,"href":"https:\/\/www.sudoestehoje.com.br\/novoportal\/wp-json\/wp\/v2\/posts\/12157\/revisions"}],"predecessor-version":[{"id":12160,"href":"https:\/\/www.sudoestehoje.com.br\/novoportal\/wp-json\/wp\/v2\/posts\/12157\/revisions\/12160"}],"wp:attachment":[{"href":"https:\/\/www.sudoestehoje.com.br\/novoportal\/wp-json\/wp\/v2\/media?parent=12157"}],"wp:term":[{"taxonomy":"category","embeddable":true,"href":"https:\/\/www.sudoestehoje.com.br\/novoportal\/wp-json\/wp\/v2\/categories?post=12157"},{"taxonomy":"post_tag","embeddable":true,"href":"https:\/\/www.sudoestehoje.com.br\/novoportal\/wp-json\/wp\/v2\/tags?post=12157"}],"curies":[{"name":"wp","href":"https:\/\/api.w.org\/{rel}","templated":true}]}}