
{"id":121554,"date":"2025-04-27T10:44:29","date_gmt":"2025-04-27T13:44:29","guid":{"rendered":"https:\/\/www.sudoestehoje.com.br\/novoportal\/?p=121554"},"modified":"2025-04-27T10:44:29","modified_gmt":"2025-04-27T13:44:29","slug":"bahia-violenta-faccao-incendeia-carros-e-toca-o-terror-em-bairro-de-salvador","status":"publish","type":"post","link":"https:\/\/www.sudoestehoje.com.br\/novoportal\/2025\/04\/27\/bahia-violenta-faccao-incendeia-carros-e-toca-o-terror-em-bairro-de-salvador\/","title":{"rendered":"BAHIA VIOLENTA | FAC\u00c7\u00c3O INCENDEIA CARROS E TOCA O TERROR EM BAIRRO DE SALVADOR"},"content":{"rendered":"<p><img loading=\"lazy\" decoding=\"async\" class=\"alignnone  wp-image-121555\" src=\"https:\/\/www.sudoestehoje.com.br\/novoportal\/wp-content\/uploads\/2025\/04\/WhatsApp-Image-2025-04-26-at-10.58.28.jpeg\" alt=\"\" width=\"562\" height=\"421\" \/><\/p>\n<p>Moradores do bairro do Lobato, no sub\u00farbio ferrovi\u00e1rio de Salvador, viveram momentos de terror na madrugada deste s\u00e1bado (26), ap\u00f3s um ataque promovido por integrantes da fac\u00e7\u00e3o Comando Vermelho (CV). Homens armados com fuzis e metralhadoras invadiram a rua Volunt\u00e1rios da P\u00e1tria, em uma \u00e1rea conhecida como \u201cCorre ou Morre\u201d.<\/p>\n<p>Durante a a\u00e7\u00e3o criminosa, diversos ve\u00edculos foram incendiados: quatro foram completamente destru\u00eddos, dois ficaram parcialmente queimados e seis foram pichados com as iniciais da fac\u00e7\u00e3o.<\/p>\n<p>Em nota, a Pol\u00edcia Militar informou que refor\u00e7ou o patrulhamento no bairro do Lobato e em toda a regi\u00e3o do Sub\u00farbio Ferrovi\u00e1rio. Incurs\u00f5es est\u00e3o sendo realizadas por unidades ordin\u00e1rias e especializadas com o objetivo de localizar e capturar os criminosos respons\u00e1veis pelo ataque.<\/p>\n","protected":false},"excerpt":{"rendered":"<p>Moradores do bairro do Lobato, no sub\u00farbio ferrovi\u00e1rio de Salvador, viveram momentos de terror na madrugada deste s\u00e1bado (26), ap\u00f3s um ataque promovido por integrantes da fac\u00e7\u00e3o Comando Vermelho (CV). Homens armados com fuzis e metralhadoras invadiram a rua Volunt\u00e1rios da P\u00e1tria, em uma \u00e1rea conhecida como \u201cCorre ou Morre\u201d. Durante a a\u00e7\u00e3o criminosa, diversos [&hellip;]<\/p>\n","protected":false},"author":2,"featured_media":121555,"comment_status":"closed","ping_status":"open","sticky":false,"template":"","format":"standard","meta":{"footnotes":"","_links_to":"","_links_to_target":""},"categories":[1],"tags":[],"class_list":["post-121554","post","type-post","status-publish","format-standard","has-post-thumbnail","hentry","category-geral"],"views":716,"_links":{"self":[{"href":"https:\/\/www.sudoestehoje.com.br\/novoportal\/wp-json\/wp\/v2\/posts\/121554","targetHints":{"allow":["GET"]}}],"collection":[{"href":"https:\/\/www.sudoestehoje.com.br\/novoportal\/wp-json\/wp\/v2\/posts"}],"about":[{"href":"https:\/\/www.sudoestehoje.com.br\/novoportal\/wp-json\/wp\/v2\/types\/post"}],"author":[{"embeddable":true,"href":"https:\/\/www.sudoestehoje.com.br\/novoportal\/wp-json\/wp\/v2\/users\/2"}],"replies":[{"embeddable":true,"href":"https:\/\/www.sudoestehoje.com.br\/novoportal\/wp-json\/wp\/v2\/comments?post=121554"}],"version-history":[{"count":2,"href":"https:\/\/www.sudoestehoje.com.br\/novoportal\/wp-json\/wp\/v2\/posts\/121554\/revisions"}],"predecessor-version":[{"id":121557,"href":"https:\/\/www.sudoestehoje.com.br\/novoportal\/wp-json\/wp\/v2\/posts\/121554\/revisions\/121557"}],"wp:featuredmedia":[{"embeddable":true,"href":"https:\/\/www.sudoestehoje.com.br\/novoportal\/wp-json\/wp\/v2\/media\/121555"}],"wp:attachment":[{"href":"https:\/\/www.sudoestehoje.com.br\/novoportal\/wp-json\/wp\/v2\/media?parent=121554"}],"wp:term":[{"taxonomy":"category","embeddable":true,"href":"https:\/\/www.sudoestehoje.com.br\/novoportal\/wp-json\/wp\/v2\/categories?post=121554"},{"taxonomy":"post_tag","embeddable":true,"href":"https:\/\/www.sudoestehoje.com.br\/novoportal\/wp-json\/wp\/v2\/tags?post=121554"}],"curies":[{"name":"wp","href":"https:\/\/api.w.org\/{rel}","templated":true}]}}