
{"id":121514,"date":"2025-04-18T23:14:49","date_gmt":"2025-04-19T02:14:49","guid":{"rendered":"https:\/\/www.sudoestehoje.com.br\/novoportal\/?p=121514"},"modified":"2025-04-18T23:14:49","modified_gmt":"2025-04-19T02:14:49","slug":"forca-nacional-e-enviada-para-conter-escalada-da-violencia-entre-indios-e-fazendeiros-no-extremo-sul-da-bahia","status":"publish","type":"post","link":"https:\/\/www.sudoestehoje.com.br\/novoportal\/2025\/04\/18\/forca-nacional-e-enviada-para-conter-escalada-da-violencia-entre-indios-e-fazendeiros-no-extremo-sul-da-bahia\/","title":{"rendered":"FOR\u00c7A NACIONAL \u00c9 ENVIADA PARA CONTER ESCALADA DA VIOL\u00caNCIA ENTRE \u00cdNDIOS E FAZENDEIROS NO EXTREMO SUL DA BAHIA"},"content":{"rendered":"<p><img loading=\"lazy\" decoding=\"async\" class=\"alignnone  wp-image-121515\" src=\"https:\/\/www.sudoestehoje.com.br\/novoportal\/wp-content\/uploads\/2025\/04\/image-86.png\" alt=\"\" width=\"561\" height=\"336\" \/><\/p>\n<p><strong>O governo da Bahia anunciou nesta quinta-feira (17) que aceitou a sugest\u00e3o do Minist\u00e9rio da Justi\u00e7a e Seguran\u00e7a P\u00fablica e o extremo-sul baiano vai receber agentes da For\u00e7a Nacional. A medida tem como objetivo controlar o conflito entre ind\u00edgenas e produtores rurais por terras na regi\u00e3o.<\/strong><\/p>\n<p><strong>\u201cA For\u00e7a Nacional atuar\u00e1 especificamente em \u00e1reas de interesse e servi\u00e7os da Uni\u00e3o, em regime de coopera\u00e7\u00e3o com as autoridades locais, contando com o apoio cont\u00ednuo das for\u00e7as estaduais de seguran\u00e7a p\u00fablica, que seguem com presen\u00e7a ativa e permanente na regi\u00e3o\u201d, informou o governo baiano.<\/strong><\/p>\n<p><strong>Em nota, a gest\u00e3o do governador Jer\u00f4nimo Rodrigues reiterou o compromisso com a legalidade, a import\u00e2ncia da demarca\u00e7\u00e3o de terras ind\u00edgenas, respeito \u00e0 propriedade privada e garantia da ordem p\u00fablica, como assegura a Constitui\u00e7\u00e3o Federal.<\/strong><\/p>\n","protected":false},"excerpt":{"rendered":"<p>O governo da Bahia anunciou nesta quinta-feira (17) que aceitou a sugest\u00e3o do Minist\u00e9rio da Justi\u00e7a e Seguran\u00e7a P\u00fablica e o extremo-sul baiano vai receber agentes da For\u00e7a Nacional. A medida tem como objetivo controlar o conflito entre ind\u00edgenas e produtores rurais por terras na regi\u00e3o. \u201cA For\u00e7a Nacional atuar\u00e1 especificamente em \u00e1reas de interesse [&hellip;]<\/p>\n","protected":false},"author":2,"featured_media":121515,"comment_status":"closed","ping_status":"open","sticky":false,"template":"","format":"standard","meta":{"footnotes":"","_links_to":"","_links_to_target":""},"categories":[1],"tags":[],"class_list":["post-121514","post","type-post","status-publish","format-standard","has-post-thumbnail","hentry","category-geral"],"views":611,"_links":{"self":[{"href":"https:\/\/www.sudoestehoje.com.br\/novoportal\/wp-json\/wp\/v2\/posts\/121514","targetHints":{"allow":["GET"]}}],"collection":[{"href":"https:\/\/www.sudoestehoje.com.br\/novoportal\/wp-json\/wp\/v2\/posts"}],"about":[{"href":"https:\/\/www.sudoestehoje.com.br\/novoportal\/wp-json\/wp\/v2\/types\/post"}],"author":[{"embeddable":true,"href":"https:\/\/www.sudoestehoje.com.br\/novoportal\/wp-json\/wp\/v2\/users\/2"}],"replies":[{"embeddable":true,"href":"https:\/\/www.sudoestehoje.com.br\/novoportal\/wp-json\/wp\/v2\/comments?post=121514"}],"version-history":[{"count":1,"href":"https:\/\/www.sudoestehoje.com.br\/novoportal\/wp-json\/wp\/v2\/posts\/121514\/revisions"}],"predecessor-version":[{"id":121516,"href":"https:\/\/www.sudoestehoje.com.br\/novoportal\/wp-json\/wp\/v2\/posts\/121514\/revisions\/121516"}],"wp:featuredmedia":[{"embeddable":true,"href":"https:\/\/www.sudoestehoje.com.br\/novoportal\/wp-json\/wp\/v2\/media\/121515"}],"wp:attachment":[{"href":"https:\/\/www.sudoestehoje.com.br\/novoportal\/wp-json\/wp\/v2\/media?parent=121514"}],"wp:term":[{"taxonomy":"category","embeddable":true,"href":"https:\/\/www.sudoestehoje.com.br\/novoportal\/wp-json\/wp\/v2\/categories?post=121514"},{"taxonomy":"post_tag","embeddable":true,"href":"https:\/\/www.sudoestehoje.com.br\/novoportal\/wp-json\/wp\/v2\/tags?post=121514"}],"curies":[{"name":"wp","href":"https:\/\/api.w.org\/{rel}","templated":true}]}}