
{"id":121467,"date":"2025-04-14T08:51:34","date_gmt":"2025-04-14T11:51:34","guid":{"rendered":"https:\/\/www.sudoestehoje.com.br\/novoportal\/?p=121467"},"modified":"2025-04-14T08:51:34","modified_gmt":"2025-04-14T11:51:34","slug":"homem-e-encontrado-carbonizado-dentro-de-carro-que-pegou-fogo-em-conquista","status":"publish","type":"post","link":"https:\/\/www.sudoestehoje.com.br\/novoportal\/2025\/04\/14\/homem-e-encontrado-carbonizado-dentro-de-carro-que-pegou-fogo-em-conquista\/","title":{"rendered":"HOMEM \u00c9 ENCONTRADO CARBONIZADO DENTRO DE CARRO QUE PEGOU FOGO EM CONQUISTA"},"content":{"rendered":"<p><img loading=\"lazy\" decoding=\"async\" class=\"alignnone  wp-image-121470\" src=\"https:\/\/www.sudoestehoje.com.br\/novoportal\/wp-content\/uploads\/2025\/04\/Screenshot_2025-04-13-10-13-08-085_com.instagram.android-edit.jpg\" alt=\"\" width=\"561\" height=\"376\" \/><\/p>\n<p><strong>Um homem de 40 anos, identificado como Geovani dos Reis, morreu na manh\u00e3 deste domingo (13) ap\u00f3s o carro em que estava pegar fogo em Vit\u00f3ria da Conquista, no Sudoeste da Bahia. O incidente ocorreu na Rua I do bairro Jardim Guanabara, nas proximidades do Hospital de Base.<\/strong><\/p>\n<p class=\"\" data-start=\"348\" data-end=\"585\"><strong>Segundo informa\u00e7\u00f5es do\u00a0<em data-start=\"371\" data-end=\"389\">Blog do Anderson<\/em>, a v\u00edtima estava dentro de um Chevrolet Astra quando o ve\u00edculo foi tomado pelas chamas. O corpo de Geovani ficou carbonizado, e at\u00e9 o momento n\u00e3o h\u00e1 detalhes sobre o que teria causado o inc\u00eandio.<\/strong><\/p>\n<p class=\"\" data-start=\"587\" data-end=\"840\"><strong>Equipes do 7\u00ba Batalh\u00e3o de Bombeiros Militar foram acionadas e conseguiram controlar o fogo. O Departamento de Pol\u00edcia T\u00e9cnica (DPT) realizou a remo\u00e7\u00e3o do corpo, que foi encaminhado para o Instituto M\u00e9dico Legal (IML) da cidade, onde passar\u00e1 por per\u00edcia.<\/strong><\/p>\n<p class=\"\" data-start=\"842\" data-end=\"958\"><strong>Ainda n\u00e3o h\u00e1 informa\u00e7\u00f5es sobre o vel\u00f3rio e sepultamento da v\u00edtima. O caso ser\u00e1 investigado pelas autoridades locais.<\/strong><\/p>\n","protected":false},"excerpt":{"rendered":"<p>Um homem de 40 anos, identificado como Geovani dos Reis, morreu na manh\u00e3 deste domingo (13) ap\u00f3s o carro em que estava pegar fogo em Vit\u00f3ria da Conquista, no Sudoeste da Bahia. O incidente ocorreu na Rua I do bairro Jardim Guanabara, nas proximidades do Hospital de Base. Segundo informa\u00e7\u00f5es do\u00a0Blog do Anderson, a v\u00edtima [&hellip;]<\/p>\n","protected":false},"author":2,"featured_media":121470,"comment_status":"closed","ping_status":"open","sticky":false,"template":"","format":"standard","meta":{"footnotes":"","_links_to":"","_links_to_target":""},"categories":[1],"tags":[],"class_list":["post-121467","post","type-post","status-publish","format-standard","has-post-thumbnail","hentry","category-geral"],"views":1095,"_links":{"self":[{"href":"https:\/\/www.sudoestehoje.com.br\/novoportal\/wp-json\/wp\/v2\/posts\/121467","targetHints":{"allow":["GET"]}}],"collection":[{"href":"https:\/\/www.sudoestehoje.com.br\/novoportal\/wp-json\/wp\/v2\/posts"}],"about":[{"href":"https:\/\/www.sudoestehoje.com.br\/novoportal\/wp-json\/wp\/v2\/types\/post"}],"author":[{"embeddable":true,"href":"https:\/\/www.sudoestehoje.com.br\/novoportal\/wp-json\/wp\/v2\/users\/2"}],"replies":[{"embeddable":true,"href":"https:\/\/www.sudoestehoje.com.br\/novoportal\/wp-json\/wp\/v2\/comments?post=121467"}],"version-history":[{"count":3,"href":"https:\/\/www.sudoestehoje.com.br\/novoportal\/wp-json\/wp\/v2\/posts\/121467\/revisions"}],"predecessor-version":[{"id":121471,"href":"https:\/\/www.sudoestehoje.com.br\/novoportal\/wp-json\/wp\/v2\/posts\/121467\/revisions\/121471"}],"wp:featuredmedia":[{"embeddable":true,"href":"https:\/\/www.sudoestehoje.com.br\/novoportal\/wp-json\/wp\/v2\/media\/121470"}],"wp:attachment":[{"href":"https:\/\/www.sudoestehoje.com.br\/novoportal\/wp-json\/wp\/v2\/media?parent=121467"}],"wp:term":[{"taxonomy":"category","embeddable":true,"href":"https:\/\/www.sudoestehoje.com.br\/novoportal\/wp-json\/wp\/v2\/categories?post=121467"},{"taxonomy":"post_tag","embeddable":true,"href":"https:\/\/www.sudoestehoje.com.br\/novoportal\/wp-json\/wp\/v2\/tags?post=121467"}],"curies":[{"name":"wp","href":"https:\/\/api.w.org\/{rel}","templated":true}]}}